{"id":1570,"date":"2024-07-15T14:51:06","date_gmt":"2024-07-15T12:51:06","guid":{"rendered":"https:\/\/cleen.com\/blog\/?p=1570"},"modified":"2025-02-25T19:19:30","modified_gmt":"2025-02-25T18:19:30","slug":"coaching-en-mobilite-professionnelle","status":"publish","type":"post","link":"https:\/\/cleen.com\/blog\/coaching-en-mobilite-professionnelle\/","title":{"rendered":"Le coaching en mobilit\u00e9 professionnelle et la formation pour diminuer le turn-over dans les entreprises"},"content":{"rendered":"\t\t<div data-elementor-type=\"wp-post\" data-elementor-id=\"1570\" class=\"elementor elementor-1570\">\n\t\t\t\t\t\t<div class=\"elementor-inner\">\n\t\t\t\t<div class=\"elementor-section-wrap\">\n\t\t\t\t\t\t\t\t\t<section class=\"elementor-section elementor-top-section elementor-element elementor-element-02b2c92 elementor-section-boxed elementor-section-height-default elementor-section-height-default\" data-id=\"02b2c92\" data-element_type=\"section\">\n\t\t\t\t\t\t<div class=\"elementor-container elementor-column-gap-default\">\n\t\t\t\t\t\t\t<div class=\"elementor-row\">\n\t\t\t\t\t<div class=\"elementor-column elementor-col-100 elementor-top-column elementor-element elementor-element-c8a37c9\" data-id=\"c8a37c9\" data-element_type=\"column\">\n\t\t\t<div class=\"elementor-column-wrap elementor-element-populated\">\n\t\t\t\t\t\t\t<div class=\"elementor-widget-wrap\">\n\t\t\t\t\t\t<div class=\"elementor-element elementor-element-58cb772 elementor-widget__width-initial elementor-widget elementor-widget-text-editor\" data-id=\"58cb772\" data-element_type=\"widget\" data-widget_type=\"text-editor.default\">\n\t\t\t\t<div class=\"elementor-widget-container\">\n\t\t\t\t\t\t\t\t<div class=\"elementor-text-editor elementor-clearfix\">\n\t\t\t\t<p><!-- wp:html --><\/p>\n<p><!-- \/wp:html --><\/p>\n<p>L<b>e\u00a0<\/b><a href=\"https:\/\/www.cleenqvt.com\/\" target=\"_blank\" rel=\"noopener\">bien-\u00eatre au travail<\/a>\u00a0est un v\u00e9ritable enjeu pour les dirigeants d\u2019entreprise. D\u2019un point de vue social, comme \u00e9conomique, la <b>satisfaction des employ\u00e9s <\/b>est devenue prioritaire. En effet, il est prouv\u00e9 que les entreprises les plus performantes sont celles qui mettent en place les actions n\u00e9cessaires pour assurer \u00e0 leurs employ\u00e9s une bonne <b>qualit\u00e9 de vie au travail<\/b>. Il est \u00e9galement connu que l\u2019am\u00e9lioration du <b>bien-\u00eatre au travail <\/b>permet de diminuer les risques psycho-sociaux (RPS) des collaborateurs. Or, bien-\u00eatre au travail rime avec gestion des carri\u00e8res et employabilit\u00e9 des collaborateurs. D\u00e9couvrez comment la formation et le <b>coaching en mobilit\u00e9 professionnelle<\/b> peuvent impacter positivement la <b>qualit\u00e9 de vie au travail<\/b> de votre entreprise. Et, par cons\u00e9quent, r<b>\u00e9duire le risque de turn-over.<\/b><\/p>\n<p><!-- \/wp:image --><\/p>\n<p><!-- wp:paragraph --><\/p>\n<p><!-- \/wp:paragraph --><\/p>\n<p><!-- wp:paragraph --><!-- \/wp:paragraph --><\/p>\n<p><!-- wp:html --><\/p>\n<h2 style=\"line-height: 1.2; margin-top: 0pt; margin-bottom: 0pt;\"><span style=\"color: #3fa9a9; font-family: Calibri, sans-serif;\"><span style=\"font-size: 24px; white-space-collapse: preserve;\">Qualit\u00e9 de vie au travail et coaching en mobilit\u00e9 professionnelle : quels enjeux pour les entreprises ?<\/span><\/span><\/h2>\n<p>Performance et <b>qualit\u00e9 de vie au travail (QVT)<\/b> sont fortement li\u00e9es. Une\u00a0<a href=\"https:\/\/www.cleenqvt.com\/qui-sommes-nous\/\" target=\"_blank\" rel=\"noopener\">d\u00e9marche QVT<\/a>\u00a0:\u00a0<\/p>\n<ul>\n<li>\n<p>augmente la motivation des salari\u00e9s,\u00a0<\/p>\n<\/li>\n<li>\n<p>favorise le recrutement,\u00a0<\/p>\n<\/li>\n<li>\n<p>et r\u00e9duit fortement l\u2019absent\u00e9isme au travail.<\/p>\n<\/li>\n<\/ul>\n<p>Aussi, les cons\u00e9quences du mal \u00eatre au travail peut co\u00fbter tr\u00e8s cher \u00e0 l&rsquo;entreprise. Ainsi, la mise en place d\u2019une\u00a0<a href=\"https:\/\/www.cleenqvt.com\/cours\/mieux-manager-en-developpant-son-intelligence-emotionnelle\/\" target=\"_blank\" rel=\"noopener\">politique QVT<\/a>\u00a0menant au bien-\u00eatre en entreprise est devenue n\u00e9cessaire pour assurer la r\u00e9ussite de ses \u00e9quipes, et par extension celle de son entreprise.<\/p>\n<p><img loading=\"lazy\" decoding=\"async\" src=\"https:\/\/cleen.com\/blog\/wp-content\/uploads\/2024\/07\/coaching-en-mobilite-professionnelle-1.jpg\" alt=\"coaching en mobilit\u00e9\" width=\"640\" height=\"424\" \/><\/p>\n<p>Si les employ\u00e9s sont nombreux \u00e0 donner de l\u2019importance \u00e0\u00a0<a href=\"https:\/\/cleen.com\/blog\/equilibre-vie-professionnelle-et-vie-personnelle\/\" target=\"_blank\" rel=\"noopener\">l&rsquo;\u00e9quilibre vie professionnelle &#8211; vie personnelle<\/a>\u00a0avant d&rsquo;int\u00e9grer une entreprise, ce n\u2019est pas l\u2019unique facteur de motivation. Pr\u00e9vention, protection de la sant\u00e9 physique et mentale de ses employ\u00e9s, valorisation individuelle et reconnaissance au travail, prise en compte des besoins individuels et climat social agr\u00e9able sont autant de facteurs favorisant le bien-\u00eatre au travail. Parmi eux, <b>la formation, l\u2019\u00e9volution de carri\u00e8re et la mobilit\u00e9 professionnelle en interne<\/b> jouent \u00e9galement un r\u00f4le dans l\u2019am\u00e9lioration de la <b>qualit\u00e9 de vie au travail<\/b>. Elles apportent satisfaction et favorisent le <b>bien-\u00eatre personnel <\/b>de chaque collaborateur. Aussi, elles permettent de renforcer la confiance en soi et aident \u00e0 l\u2019instauration d\u2019une bonne ambiance de travail.<\/p>\n<p>\u00a0<\/p>\n<h2 style=\"line-height: 1.2; margin-top: 0pt; margin-bottom: 0pt;\"><span style=\"color: #3fa9a9; font-family: Calibri, sans-serif;\"><span style=\"font-size: 24px; white-space-collapse: preserve;\">Coaching en mobilit\u00e9 professionnelle et formation : de nombreux avantages \u00e0 la cl\u00e9.<\/span><\/span><\/h2>\n<p>Selon\u00a0<a href=\"https:\/\/www.opinion-way.com\/fr\/sondage-d-opinion\/sondages-publies\/opinionway-pour-les-1eres-assises-sens-et-travail-le-travail-en-france-entre-quete-de-sens-et-nouvelles-aspirations-octobre-2022\/viewdocument\/2988.html\" target=\"_blank\" rel=\"noopener\">une \u00e9tude men\u00e9e par OpinionWay<\/a>\u00a0en octobre 2022, 84 % des salari\u00e9s estiment que la reconnaissance obtenue dans leur travail est indispensable pour leur bien-\u00eatre. Aussi, 32% des talents v\u00e9rifient, en priorit\u00e9, l\u2019int\u00e9r\u00eat et le sens des t\u00e2ches et missions qu\u2019ils auront \u00e0 accomplir avant d\u2019envisager d\u2019int\u00e9grer une entreprise. Les employeurs ont bien compris que les salari\u00e9s ont besoin d\u2019une activit\u00e9 professionnelle qui a du sens. Mais aussi qu\u2019il faut leur proposer des opportunit\u00e9s d\u2019<b>\u00e9volution et de d\u00e9veloppement professionnel<\/b> au sein de l&rsquo;entreprise afin de les faire rester. En effet, chez les moins de 30 ans les possibilit\u00e9s d\u2019\u00e9volution de carri\u00e8res font partie du top 3 des motivations au travail.<\/p>\n<p>La promotion en interne et la mont\u00e9e en comp\u00e9tences sont donc les cl\u00e9s pour recruter, pour motiver, mais \u00e9galement pour garder les talents et r\u00e9duire le turn-over. Pour ce faire, les services des ressources humaines font de plus en plus appel au coaching en mobilit\u00e9 professionnelle. Une politique d\u2019\u00e9volution professionnelle en interne bien men\u00e9e accompagn\u00e9e de formations et de coaching sont source de performance et d\u2019\u00e9panouissement.<\/p>\n<p><img loading=\"lazy\" decoding=\"async\" class=\"aligncenter wp-image-1573 size-full\" src=\"https:\/\/cleen.com\/blog\/wp-content\/uploads\/2024\/07\/coaching-en-mobilite-professionnelle-3.jpg\" alt=\"coaching en mobilit\u00e9\" width=\"640\" height=\"427\" srcset=\"https:\/\/cleen.com\/blog\/wp-content\/uploads\/2024\/07\/coaching-en-mobilite-professionnelle-3.jpg 640w, https:\/\/cleen.com\/blog\/wp-content\/uploads\/2024\/07\/coaching-en-mobilite-professionnelle-3-300x200.jpg 300w, https:\/\/cleen.com\/blog\/wp-content\/uploads\/2024\/07\/coaching-en-mobilite-professionnelle-3-24x16.jpg 24w, https:\/\/cleen.com\/blog\/wp-content\/uploads\/2024\/07\/coaching-en-mobilite-professionnelle-3-36x24.jpg 36w, https:\/\/cleen.com\/blog\/wp-content\/uploads\/2024\/07\/coaching-en-mobilite-professionnelle-3-169x113.jpg 169w\" sizes=\"(max-width: 640px) 100vw, 640px\" \/><\/p>\n<h2 style=\"line-height: 1.2; margin-top: 0pt; margin-bottom: 0pt;\"><span style=\"color: #3fa9a9; font-family: Calibri, sans-serif;\"><span style=\"font-size: 24px; white-space-collapse: preserve;\">Coaching en mobilit\u00e9 professionnelle et formation : de nombreux avantages \u00e0 la cl\u00e9.<\/span><\/span><\/h2>\n<p>En d\u00e9veloppant de nouvelles comp\u00e9tences les salari\u00e9s acc\u00e8dent \u00e0 de nouvelles missions et responsabilit\u00e9s. En donnant la possibilit\u00e9 d\u2019apprendre et d\u2019\u00e9voluer, la mobilit\u00e9 en interne permet aux employ\u00e9s de :\u00a0<\/p>\n<ul>\n<li>\n<p>renforcer la confiance en soi,<\/p>\n<\/li>\n<li>\n<p>se projeter \u00e0 long terme dans l&rsquo;entreprise,\u00a0<\/p>\n<\/li>\n<li>\n<p>se rassurer financi\u00e8rement en acc\u00e9dant \u00e0 des postes mieux r\u00e9mun\u00e9r\u00e9s,\u00a0<\/p>\n<\/li>\n<li>\n<p>\u00e9viter l\u2019ennui et augmenter la motivation au travail\u2026<\/p>\n<\/li>\n<\/ul>\n<p>Pour l\u2019entreprise, une politique de mobilit\u00e9 en interne bien men\u00e9e accompagn\u00e9e de coaching en mobilit\u00e9 professionnelle permet, entre autres, de :<\/p>\n<ul>\n<li>\n<p>limiter le turn-over,<\/p>\n<\/li>\n<li>\n<p>attirer de nouveaux talents,<\/p>\n<\/li>\n<li>\n<p>am\u00e9liorer la qualit\u00e9 de vie au travail et la motivation des salari\u00e9s,<\/p>\n<\/li>\n<li>\n<p>instaurer un climat social favorable,<\/p>\n<\/li>\n<li>\n<p>favoriser les performances de l\u2019entreprise\u2026<\/p>\n<\/li>\n<\/ul>\n<p>Coach to Cleen accompagne les entreprises dans leur d\u00e9marche de d\u00e9veloppement de qualit\u00e9 de vie au travail. D\u00e9couvrez notre coaching en mobilit\u00e9 professionnelle, ainsi que nos formations et ateliers d\u00e9di\u00e9s aux entreprises.<\/p>\n<p style=\"text-align: center;\"><a style=\"font-size: 13px; color: #fff; font-family: HKGrotesk-Bold; background: #f4c93f; border: 2px solid #f4c93f; height: 100px; line-height: 48px; border-radius: 60px; padding: 15px 21px; width: 100%;\" href=\"https:\/\/cleen.com\/pages\/mutation_expatriation\" target=\"_blank\" rel=\"noopener\">D\u00e9couvrir le coaching en mobilit\u00e9 professionnelle<\/a><\/p>\n<p style=\"text-align: center;\"><a style=\"font-size: 13px; color: #fff; font-family: HKGrotesk-Bold; background: #f4c93f; border: 2px solid #f4c93f; height: 100px; line-height: 48px; border-radius: 60px; padding: 15px 21px; width: 100%;\" href=\"https:\/\/www.cleenqvt.com\/\" target=\"_blank\" rel=\"noopener\">D\u00e9couvrir les formations<\/a><\/p>\n<p><img loading=\"lazy\" decoding=\"async\" class=\"aligncenter wp-image-1574 size-full\" src=\"https:\/\/cleen.com\/blog\/wp-content\/uploads\/2024\/07\/coaching-en-mobilite-professionnelle-4.jpg\" alt=\"\" width=\"640\" height=\"427\" srcset=\"https:\/\/cleen.com\/blog\/wp-content\/uploads\/2024\/07\/coaching-en-mobilite-professionnelle-4.jpg 640w, https:\/\/cleen.com\/blog\/wp-content\/uploads\/2024\/07\/coaching-en-mobilite-professionnelle-4-300x200.jpg 300w, https:\/\/cleen.com\/blog\/wp-content\/uploads\/2024\/07\/coaching-en-mobilite-professionnelle-4-24x16.jpg 24w, https:\/\/cleen.com\/blog\/wp-content\/uploads\/2024\/07\/coaching-en-mobilite-professionnelle-4-36x24.jpg 36w, https:\/\/cleen.com\/blog\/wp-content\/uploads\/2024\/07\/coaching-en-mobilite-professionnelle-4-169x113.jpg 169w\" sizes=\"(max-width: 640px) 100vw, 640px\" \/><\/p>\n<center>\n<p>Article \u00e9crit par Elsa Larue de Tournemine, 15\/07\/2024<\/p>\n<div style=\"text-align: left;\">\u00a0<\/div>\n<p>\u00a0<\/p>\n<p>\u00a0<\/p>\n<\/center><center><\/center><center><\/center><center><\/center>\n<p>\u00a0<\/p>\n<p>\u00a0<\/p>\t\t\t\t\t<\/div>\n\t\t\t\t\t\t<\/div>\n\t\t\t\t<\/div>\n\t\t\t\t\t\t<\/div>\n\t\t\t\t\t<\/div>\n\t\t<\/div>\n\t\t\t\t\t\t\t\t<\/div>\n\t\t\t\t\t<\/div>\n\t\t<\/section>\n\t\t\t\t\t\t\t\t\t<\/div>\n\t\t\t<\/div>\n\t\t\t\t\t<\/div>\n\t\t","protected":false},"excerpt":{"rendered":"<p>Prendre soin de la sant\u00e9 mentale et \u00e9motionnelle des collaborateurs au sein de l&rsquo;entreprise, \u00e7a fait la diff\u00e9rence ! C\u2019est pourquoi, nombreux sont les entrepreneurs ou responsables des ressources humaines qui investissent dans des s\u00e9ances de coaching bien-\u00eatre et sant\u00e9.<\/p>\n","protected":false},"author":6,"featured_media":1571,"comment_status":"closed","ping_status":"open","sticky":false,"template":"","format":"standard","meta":{"_monsterinsights_skip_tracking":false,"_monsterinsights_sitenote_active":false,"_monsterinsights_sitenote_note":"","_monsterinsights_sitenote_category":0,"footnotes":""},"categories":[14,6],"tags":[],"yoast_head":"<!-- This site is optimized with the Yoast SEO plugin v22.1 - https:\/\/yoast.com\/wordpress\/plugins\/seo\/ -->\n<title>Le coaching en mobilit\u00e9 professionnelle pour diminuer le turn-over<\/title>\n<meta name=\"description\" content=\"D\u00e9couvrez comment la formation et le coaching en mobilit\u00e9 professionnelle impactent la QVT en entreprise et r\u00e9duisent le risque de turn-over\" \/>\n<meta name=\"robots\" content=\"index, follow, max-snippet:-1, max-image-preview:large, max-video-preview:-1\" \/>\n<link rel=\"canonical\" href=\"https:\/\/cleen.com\/blog\/coaching-en-mobilite-professionnelle\/\" \/>\n<meta property=\"og:locale\" content=\"fr_FR\" \/>\n<meta property=\"og:type\" content=\"article\" \/>\n<meta property=\"og:title\" content=\"Le coaching en mobilit\u00e9 professionnelle pour diminuer le turn-over\" \/>\n<meta property=\"og:description\" content=\"D\u00e9couvrez comment la formation et le coaching en mobilit\u00e9 professionnelle impactent la QVT en entreprise et r\u00e9duisent le risque de turn-over\" \/>\n<meta property=\"og:url\" content=\"https:\/\/cleen.com\/blog\/coaching-en-mobilite-professionnelle\/\" \/>\n<meta property=\"og:site_name\" content=\"Toutes les actualit\u00e9s de Coach to CLEEN\" \/>\n<meta property=\"article:publisher\" content=\"https:\/\/www.facebook.com\/admincleen\/\" \/>\n<meta property=\"article:published_time\" content=\"2024-07-15T12:51:06+00:00\" \/>\n<meta property=\"article:modified_time\" content=\"2025-02-25T18:19:30+00:00\" \/>\n<meta property=\"og:image\" content=\"https:\/\/cleen.com\/blog\/wp-content\/uploads\/2024\/07\/coaching-en-mobilite-professionnelle-2.jpg\" \/>\n\t<meta property=\"og:image:width\" content=\"640\" \/>\n\t<meta property=\"og:image:height\" content=\"480\" \/>\n\t<meta property=\"og:image:type\" content=\"image\/jpeg\" \/>\n<meta name=\"author\" content=\"Elsa\" \/>\n<meta name=\"twitter:card\" content=\"summary_large_image\" \/>\n<meta name=\"twitter:label1\" content=\"\u00c9crit par\" \/>\n\t<meta name=\"twitter:data1\" content=\"Elsa\" \/>\n\t<meta name=\"twitter:label2\" content=\"Dur\u00e9e de lecture estim\u00e9e\" \/>\n\t<meta name=\"twitter:data2\" content=\"5 minutes\" \/>\n<script type=\"application\/ld+json\" class=\"yoast-schema-graph\">{\"@context\":\"https:\/\/schema.org\",\"@graph\":[{\"@type\":\"Article\",\"@id\":\"https:\/\/cleen.com\/blog\/coaching-en-mobilite-professionnelle\/#article\",\"isPartOf\":{\"@id\":\"https:\/\/cleen.com\/blog\/coaching-en-mobilite-professionnelle\/\"},\"author\":{\"name\":\"Elsa\",\"@id\":\"https:\/\/cleen.com\/blog\/#\/schema\/person\/b6f116bbf3fe7ac924cb4a22b81940fa\"},\"headline\":\"Le coaching en mobilit\u00e9 professionnelle et la formation pour diminuer le turn-over dans les entreprises\",\"datePublished\":\"2024-07-15T12:51:06+00:00\",\"dateModified\":\"2025-02-25T18:19:30+00:00\",\"mainEntityOfPage\":{\"@id\":\"https:\/\/cleen.com\/blog\/coaching-en-mobilite-professionnelle\/\"},\"wordCount\":787,\"publisher\":{\"@id\":\"https:\/\/cleen.com\/blog\/#organization\"},\"articleSection\":[\"Formation\",\"Performance\"],\"inLanguage\":\"fr-FR\"},{\"@type\":\"WebPage\",\"@id\":\"https:\/\/cleen.com\/blog\/coaching-en-mobilite-professionnelle\/\",\"url\":\"https:\/\/cleen.com\/blog\/coaching-en-mobilite-professionnelle\/\",\"name\":\"Le coaching en mobilit\u00e9 professionnelle pour diminuer le turn-over\",\"isPartOf\":{\"@id\":\"https:\/\/cleen.com\/blog\/#website\"},\"datePublished\":\"2024-07-15T12:51:06+00:00\",\"dateModified\":\"2025-02-25T18:19:30+00:00\",\"description\":\"D\u00e9couvrez comment la formation et le coaching en mobilit\u00e9 professionnelle impactent la QVT en entreprise et r\u00e9duisent le risque de turn-over\",\"breadcrumb\":{\"@id\":\"https:\/\/cleen.com\/blog\/coaching-en-mobilite-professionnelle\/#breadcrumb\"},\"inLanguage\":\"fr-FR\",\"potentialAction\":[{\"@type\":\"ReadAction\",\"target\":[\"https:\/\/cleen.com\/blog\/coaching-en-mobilite-professionnelle\/\"]}]},{\"@type\":\"BreadcrumbList\",\"@id\":\"https:\/\/cleen.com\/blog\/coaching-en-mobilite-professionnelle\/#breadcrumb\",\"itemListElement\":[{\"@type\":\"ListItem\",\"position\":1,\"name\":\"Accueil\",\"item\":\"https:\/\/cleen.com\/blog\/\"},{\"@type\":\"ListItem\",\"position\":2,\"name\":\"Le coaching en mobilit\u00e9 professionnelle et la formation pour diminuer le turn-over dans les entreprises\"}]},{\"@type\":\"WebSite\",\"@id\":\"https:\/\/cleen.com\/blog\/#website\",\"url\":\"https:\/\/cleen.com\/blog\/\",\"name\":\"Toutes les actualit\u00e9s de Coach to CLEEN\",\"description\":\"\",\"publisher\":{\"@id\":\"https:\/\/cleen.com\/blog\/#organization\"},\"potentialAction\":[{\"@type\":\"SearchAction\",\"target\":{\"@type\":\"EntryPoint\",\"urlTemplate\":\"https:\/\/cleen.com\/blog\/?s={search_term_string}\"},\"query-input\":\"required name=search_term_string\"}],\"inLanguage\":\"fr-FR\"},{\"@type\":\"Organization\",\"@id\":\"https:\/\/cleen.com\/blog\/#organization\",\"name\":\"Toutes les actualit\u00e9s de Coach to CLEEN\",\"url\":\"https:\/\/cleen.com\/blog\/\",\"logo\":{\"@type\":\"ImageObject\",\"inLanguage\":\"fr-FR\",\"@id\":\"https:\/\/cleen.com\/blog\/#\/schema\/logo\/image\/\",\"url\":\"https:\/\/cleen.com\/blog\/wp-content\/uploads\/2020\/03\/cropped-logo-2-1.png\",\"contentUrl\":\"https:\/\/cleen.com\/blog\/wp-content\/uploads\/2020\/03\/cropped-logo-2-1.png\",\"width\":400,\"height\":136,\"caption\":\"Toutes les actualit\u00e9s de Coach to CLEEN\"},\"image\":{\"@id\":\"https:\/\/cleen.com\/blog\/#\/schema\/logo\/image\/\"},\"sameAs\":[\"https:\/\/www.facebook.com\/admincleen\/\"]},{\"@type\":\"Person\",\"@id\":\"https:\/\/cleen.com\/blog\/#\/schema\/person\/b6f116bbf3fe7ac924cb4a22b81940fa\",\"name\":\"Elsa\",\"url\":\"https:\/\/cleen.com\/blog\/author\/elsa\/\"}]}<\/script>\n<!-- \/ Yoast SEO plugin. -->","yoast_head_json":{"title":"Le coaching en mobilit\u00e9 professionnelle pour diminuer le turn-over","description":"D\u00e9couvrez comment la formation et le coaching en mobilit\u00e9 professionnelle impactent la QVT en entreprise et r\u00e9duisent le risque de turn-over","robots":{"index":"index","follow":"follow","max-snippet":"max-snippet:-1","max-image-preview":"max-image-preview:large","max-video-preview":"max-video-preview:-1"},"canonical":"https:\/\/cleen.com\/blog\/coaching-en-mobilite-professionnelle\/","og_locale":"fr_FR","og_type":"article","og_title":"Le coaching en mobilit\u00e9 professionnelle pour diminuer le turn-over","og_description":"D\u00e9couvrez comment la formation et le coaching en mobilit\u00e9 professionnelle impactent la QVT en entreprise et r\u00e9duisent le risque de turn-over","og_url":"https:\/\/cleen.com\/blog\/coaching-en-mobilite-professionnelle\/","og_site_name":"Toutes les actualit\u00e9s de Coach to CLEEN","article_publisher":"https:\/\/www.facebook.com\/admincleen\/","article_published_time":"2024-07-15T12:51:06+00:00","article_modified_time":"2025-02-25T18:19:30+00:00","og_image":[{"width":640,"height":480,"url":"https:\/\/cleen.com\/blog\/wp-content\/uploads\/2024\/07\/coaching-en-mobilite-professionnelle-2.jpg","type":"image\/jpeg"}],"author":"Elsa","twitter_card":"summary_large_image","twitter_misc":{"\u00c9crit par":"Elsa","Dur\u00e9e de lecture estim\u00e9e":"5 minutes"},"schema":{"@context":"https:\/\/schema.org","@graph":[{"@type":"Article","@id":"https:\/\/cleen.com\/blog\/coaching-en-mobilite-professionnelle\/#article","isPartOf":{"@id":"https:\/\/cleen.com\/blog\/coaching-en-mobilite-professionnelle\/"},"author":{"name":"Elsa","@id":"https:\/\/cleen.com\/blog\/#\/schema\/person\/b6f116bbf3fe7ac924cb4a22b81940fa"},"headline":"Le coaching en mobilit\u00e9 professionnelle et la formation pour diminuer le turn-over dans les entreprises","datePublished":"2024-07-15T12:51:06+00:00","dateModified":"2025-02-25T18:19:30+00:00","mainEntityOfPage":{"@id":"https:\/\/cleen.com\/blog\/coaching-en-mobilite-professionnelle\/"},"wordCount":787,"publisher":{"@id":"https:\/\/cleen.com\/blog\/#organization"},"articleSection":["Formation","Performance"],"inLanguage":"fr-FR"},{"@type":"WebPage","@id":"https:\/\/cleen.com\/blog\/coaching-en-mobilite-professionnelle\/","url":"https:\/\/cleen.com\/blog\/coaching-en-mobilite-professionnelle\/","name":"Le coaching en mobilit\u00e9 professionnelle pour diminuer le turn-over","isPartOf":{"@id":"https:\/\/cleen.com\/blog\/#website"},"datePublished":"2024-07-15T12:51:06+00:00","dateModified":"2025-02-25T18:19:30+00:00","description":"D\u00e9couvrez comment la formation et le coaching en mobilit\u00e9 professionnelle impactent la QVT en entreprise et r\u00e9duisent le risque de turn-over","breadcrumb":{"@id":"https:\/\/cleen.com\/blog\/coaching-en-mobilite-professionnelle\/#breadcrumb"},"inLanguage":"fr-FR","potentialAction":[{"@type":"ReadAction","target":["https:\/\/cleen.com\/blog\/coaching-en-mobilite-professionnelle\/"]}]},{"@type":"BreadcrumbList","@id":"https:\/\/cleen.com\/blog\/coaching-en-mobilite-professionnelle\/#breadcrumb","itemListElement":[{"@type":"ListItem","position":1,"name":"Accueil","item":"https:\/\/cleen.com\/blog\/"},{"@type":"ListItem","position":2,"name":"Le coaching en mobilit\u00e9 professionnelle et la formation pour diminuer le turn-over dans les entreprises"}]},{"@type":"WebSite","@id":"https:\/\/cleen.com\/blog\/#website","url":"https:\/\/cleen.com\/blog\/","name":"Toutes les actualit\u00e9s de Coach to CLEEN","description":"","publisher":{"@id":"https:\/\/cleen.com\/blog\/#organization"},"potentialAction":[{"@type":"SearchAction","target":{"@type":"EntryPoint","urlTemplate":"https:\/\/cleen.com\/blog\/?s={search_term_string}"},"query-input":"required name=search_term_string"}],"inLanguage":"fr-FR"},{"@type":"Organization","@id":"https:\/\/cleen.com\/blog\/#organization","name":"Toutes les actualit\u00e9s de Coach to CLEEN","url":"https:\/\/cleen.com\/blog\/","logo":{"@type":"ImageObject","inLanguage":"fr-FR","@id":"https:\/\/cleen.com\/blog\/#\/schema\/logo\/image\/","url":"https:\/\/cleen.com\/blog\/wp-content\/uploads\/2020\/03\/cropped-logo-2-1.png","contentUrl":"https:\/\/cleen.com\/blog\/wp-content\/uploads\/2020\/03\/cropped-logo-2-1.png","width":400,"height":136,"caption":"Toutes les actualit\u00e9s de Coach to CLEEN"},"image":{"@id":"https:\/\/cleen.com\/blog\/#\/schema\/logo\/image\/"},"sameAs":["https:\/\/www.facebook.com\/admincleen\/"]},{"@type":"Person","@id":"https:\/\/cleen.com\/blog\/#\/schema\/person\/b6f116bbf3fe7ac924cb4a22b81940fa","name":"Elsa","url":"https:\/\/cleen.com\/blog\/author\/elsa\/"}]}},"_links":{"self":[{"href":"https:\/\/cleen.com\/blog\/wp-json\/wp\/v2\/posts\/1570"}],"collection":[{"href":"https:\/\/cleen.com\/blog\/wp-json\/wp\/v2\/posts"}],"about":[{"href":"https:\/\/cleen.com\/blog\/wp-json\/wp\/v2\/types\/post"}],"author":[{"embeddable":true,"href":"https:\/\/cleen.com\/blog\/wp-json\/wp\/v2\/users\/6"}],"replies":[{"embeddable":true,"href":"https:\/\/cleen.com\/blog\/wp-json\/wp\/v2\/comments?post=1570"}],"version-history":[{"count":5,"href":"https:\/\/cleen.com\/blog\/wp-json\/wp\/v2\/posts\/1570\/revisions"}],"predecessor-version":[{"id":1580,"href":"https:\/\/cleen.com\/blog\/wp-json\/wp\/v2\/posts\/1570\/revisions\/1580"}],"wp:featuredmedia":[{"embeddable":true,"href":"https:\/\/cleen.com\/blog\/wp-json\/wp\/v2\/media\/1571"}],"wp:attachment":[{"href":"https:\/\/cleen.com\/blog\/wp-json\/wp\/v2\/media?parent=1570"}],"wp:term":[{"taxonomy":"category","embeddable":true,"href":"https:\/\/cleen.com\/blog\/wp-json\/wp\/v2\/categories?post=1570"},{"taxonomy":"post_tag","embeddable":true,"href":"https:\/\/cleen.com\/blog\/wp-json\/wp\/v2\/tags?post=1570"}],"curies":[{"name":"wp","href":"https:\/\/api.w.org\/{rel}","templated":true}]}}