{"id":1451,"date":"2024-02-05T18:07:49","date_gmt":"2024-02-05T17:07:49","guid":{"rendered":"https:\/\/cleen.com\/blog\/?p=1451"},"modified":"2025-02-25T19:19:30","modified_gmt":"2025-02-25T18:19:30","slug":"coaching-et-qualite-de-vie-au-travail","status":"publish","type":"post","link":"https:\/\/cleen.com\/blog\/coaching-et-qualite-de-vie-au-travail\/","title":{"rendered":"Coaching et qualit\u00e9 de vie au travail, pour un meilleur bien-\u00eatre professionnel"},"content":{"rendered":"\t\t<div data-elementor-type=\"wp-post\" data-elementor-id=\"1451\" class=\"elementor elementor-1451\">\n\t\t\t\t\t\t<div class=\"elementor-inner\">\n\t\t\t\t<div class=\"elementor-section-wrap\">\n\t\t\t\t\t\t\t\t\t<section class=\"elementor-section elementor-top-section elementor-element elementor-element-02b2c92 elementor-section-boxed elementor-section-height-default elementor-section-height-default\" data-id=\"02b2c92\" data-element_type=\"section\">\n\t\t\t\t\t\t<div class=\"elementor-container elementor-column-gap-default\">\n\t\t\t\t\t\t\t<div class=\"elementor-row\">\n\t\t\t\t\t<div class=\"elementor-column elementor-col-100 elementor-top-column elementor-element elementor-element-c8a37c9\" data-id=\"c8a37c9\" data-element_type=\"column\">\n\t\t\t<div class=\"elementor-column-wrap elementor-element-populated\">\n\t\t\t\t\t\t\t<div class=\"elementor-widget-wrap\">\n\t\t\t\t\t\t<div class=\"elementor-element elementor-element-58cb772 elementor-widget__width-initial elementor-widget elementor-widget-text-editor\" data-id=\"58cb772\" data-element_type=\"widget\" data-widget_type=\"text-editor.default\">\n\t\t\t\t<div class=\"elementor-widget-container\">\n\t\t\t\t\t\t\t\t<div class=\"elementor-text-editor elementor-clearfix\">\n\t\t\t\t<p><!-- wp:html --><\/p>\n<p><!-- \/wp:html --><\/p>\n<p>De nos jours, le bien-\u00eatre en entreprise et la sant\u00e9 des employ\u00e9s tendent \u00e0 devenir l\u2019une des priorit\u00e9s des dirigeants. En effet, <b>performances et qualit\u00e9 de vie au travail <\/b>sont fortement li\u00e9es. Prendre soin de la <b>sant\u00e9 mentale et \u00e9motionnelle<\/b> des collaborateurs au sein de l&rsquo;entreprise, \u00e7a fait la diff\u00e9rence !\u00a0<\/p>\n<p>C\u2019est pourquoi, nombreux sont les entrepreneurs ou responsables des ressources humaines qui investissent dans des s\u00e9ances de\u00a0<a href=\"https:\/\/cleen.com\/pages\/coach-bien-etre\" target=\"_blank\" rel=\"noopener\">coaching bien-\u00eatre<\/a><b>\u00a0et\u00a0<\/b><a href=\"https:\/\/cleen.com\/blog\/coaching-sante\/\" target=\"_blank\" rel=\"noopener\">sant\u00e9<\/a><b>.<\/b> Ces s\u00e9ances de coaching personnalis\u00e9es ont pour objectif d\u2019entretenir l\u2019\u00e9quilibre \u00e9motionnel de chaque membre d\u2019\u00e9quipe et, in fine, d\u2019assurer une bonne qualit\u00e9 de vie au travail. Il existe des solutions innovantes et efficaces pour le bien-\u00eatre de vos salari\u00e9s.<\/p>\n<p><!-- \/wp:image --><\/p>\n<p><!-- wp:paragraph --><\/p>\n<p><!-- \/wp:paragraph --><\/p>\n<p><!-- wp:paragraph --><!-- \/wp:paragraph --><\/p>\n<p><!-- wp:html --><\/p>\n<h2 style=\"line-height: 1.2; margin-top: 0pt; margin-bottom: 0pt;\"><span style=\"color: #3fa9a9; font-family: Calibri, sans-serif;\"><span style=\"font-size: 24px; white-space-collapse: preserve;\">Pourquoi est-il important d\u2019entretenir une bonne qualit\u00e9 de vie au travail en tant que dirigeant ?<\/span><\/span><\/h2>\n<p><strong>D\u00e9velopper la qualit\u00e9 de vie au travail<\/strong> s\u2019est \u00eatre en ad\u00e9quation avec une soci\u00e9t\u00e9 qui valorise le bien-\u00eatre humain. C\u2019est \u00e9galement un levier \u00e0 mettre en place par tout dirigeant pour atteindre ses objectifs et assurer la r\u00e9ussite de son entreprise tout en am\u00e9liorant sa marque employeur. Prendre soin de la sant\u00e9 mentale de vos employ\u00e9s renforcera votre employabilit\u00e9 \u00e0 court et \u00e0 long terme.<\/p>\n<p><img loading=\"lazy\" decoding=\"async\" src=\"https:\/\/cleen.com\/blog\/wp-content\/uploads\/2024\/02\/coaching-qualite-de-vie-au-travail-4-900x600.jpg\" alt=\"bien-\u00eatre professionnel\" width=\"900\" height=\"600\" \/>En plus, d\u2019assurer une bonne coh\u00e9sion entre les collaborateurs et de booster la motivation de chaque membre de vos \u00e9quipes, une bonne qualit\u00e9 de vie au travail permet de :<\/p>\n<ul>\n<li>\n<p>R\u00e9duire l\u2019absent\u00e9isme et la d\u00e9motivation<\/p>\n<\/li>\n<li>\n<p>\u00c9viter le surmenage et pr\u00e9venir les risques psychosociaux<\/p>\n<\/li>\n<li>\n<p>Mieux g\u00e9rer le flexi travail, l\u2019isolement ou la reprise sur site<\/p>\n<\/li>\n<li>\n<p>Favoriser la performance et la prise de d\u00e9cision de chacun.<\/p>\n<\/li>\n<\/ul>\n<p>Mettre en place des <strong>s\u00e9ances de coaching bien-\u00eatre<\/strong> individualis\u00e9es ou sous forme d\u2019Ateliers pour vos employ\u00e9s, leur permettra \u00e9galement :<\/p>\n<ul>\n<li>\n<p>D\u2019am\u00e9liorer leurs relations interpersonnelles<\/p>\n<\/li>\n<li>\n<p>D\u2019apprendre \u00e0 prendre du recul et l\u00e2cher-prise<\/p>\n<\/li>\n<li>\n<p>Reprendre confiance en eux et favoriser leur <a href=\"https:\/\/cleen.com\/blog\/coaching-prise-de-parole\/\" target=\"_blank\" rel=\"noopener\">prise de parole<\/a><\/p>\n<\/li>\n<\/ul>\n<h2 style=\"line-height: 1.2; margin-top: 0pt; margin-bottom: 0pt;\"><span style=\"color: #3fa9a9; font-family: Calibri, sans-serif;\"><span style=\"font-size: 24px; white-space-collapse: preserve;\">Comment d\u00e9velopper une bonne qualit\u00e9 de vie au travail gr\u00e2ce au coaching professionnel ?<\/span><\/span><\/h2>\n<p>Instaurer un cadre bienveillant au travail est devenu une n\u00e9cessit\u00e9. Bien-\u00eatre en entreprise et performances peuvent maintenant aller de pair.<\/p>\n<p><img loading=\"lazy\" decoding=\"async\" class=\"size-medium wp-image-1452 alignleft\" src=\"https:\/\/cleen.com\/blog\/wp-content\/uploads\/2024\/02\/coaching-qualite-de-vie-au-travail-1-200x300.jpg\" alt=\"coaching et qualit\u00e9 de vie au travail\" width=\"200\" height=\"300\" srcset=\"https:\/\/cleen.com\/blog\/wp-content\/uploads\/2024\/02\/coaching-qualite-de-vie-au-travail-1-200x300.jpg 200w, https:\/\/cleen.com\/blog\/wp-content\/uploads\/2024\/02\/coaching-qualite-de-vie-au-travail-1-400x600.jpg 400w, https:\/\/cleen.com\/blog\/wp-content\/uploads\/2024\/02\/coaching-qualite-de-vie-au-travail-1-768x1152.jpg 768w, https:\/\/cleen.com\/blog\/wp-content\/uploads\/2024\/02\/coaching-qualite-de-vie-au-travail-1-1024x1536.jpg 1024w, https:\/\/cleen.com\/blog\/wp-content\/uploads\/2024\/02\/coaching-qualite-de-vie-au-travail-1-1365x2048.jpg 1365w, https:\/\/cleen.com\/blog\/wp-content\/uploads\/2024\/02\/coaching-qualite-de-vie-au-travail-1-16x24.jpg 16w, https:\/\/cleen.com\/blog\/wp-content\/uploads\/2024\/02\/coaching-qualite-de-vie-au-travail-1-24x36.jpg 24w, https:\/\/cleen.com\/blog\/wp-content\/uploads\/2024\/02\/coaching-qualite-de-vie-au-travail-1-75x113.jpg 75w, https:\/\/cleen.com\/blog\/wp-content\/uploads\/2024\/02\/coaching-qualite-de-vie-au-travail-1-scaled.jpg 1707w\" sizes=\"(max-width: 200px) 100vw, 200px\" \/>Le <strong>coaching en qualit\u00e9 de vie au travail<\/strong> est le mode d\u2019accompagnement des dirigeants et des \u00e9quipes le plus efficace pour :<\/p>\n<ul>\n<li>\n<p>Assurer d\u2019une bonne entente et coh\u00e9sion,<\/p>\n<\/li>\n<li>\n<p>s\u2019assurer du bien-\u00eatre de chacun,<\/p>\n<\/li>\n<li>\n<p>et construire dans un environnement propice et vertueux pour TOUS afin de permettre \u00e0 vos employ\u00e9s de d\u00e9velopper tout leur potentiel.<\/p>\n<\/li>\n<\/ul>\n<p>\u00c0 travers des formations, des ateliers, la mise en place de s\u00e9ances d\u2019accompagnement personnel et de bilans de comp\u00e9tences, Coach to Cleen a su d\u00e9velopper les prestations dont vous avez besoin en tant que dirigeant pour assurer une meilleure qualit\u00e9 de vie au travail.<\/p>\n<p>Nos <strong>coaches sant\u00e9<\/strong> vont travailler sur :<\/p>\n<ul>\n<li>\n<p>la gestion du stress,<\/p>\n<\/li>\n<li>\n<p>la pr\u00e9vention des risques psychosociaux,<\/p>\n<\/li>\n<li>\n<p>la <a href=\"https:\/\/cleen.com\/pages\/liberation-emotionnelle\" target=\"_blank\" rel=\"noopener\">lib\u00e9ration \u00e9motionnelle<\/a><\/p>\n<\/li>\n<li>\n<p>et la <a href=\"https:\/\/cleen.com\/pages\/confiance\" target=\"_blank\" rel=\"noopener\">confiance en soi<\/a> de vos employ\u00e9s,<\/p>\n<\/li>\n<li>\n<p>pour, in fine, assurer leur performance<\/p>\n<\/li>\n<li>\n<p>tout en respectant leur bien-\u00eatre au travail.<\/p>\n<\/li>\n<\/ul>\n<p>Nous accompagnons vos collaborateurs et managers \u00e0 prendre en main leur propre Qualit\u00e9 de Vie au Travail pour favoriser <strong>une meilleure sant\u00e9 mentale<\/strong>, lever les blocages \u00e9motionnels et <strong>acc\u00e9der au bien-\u00eatre<\/strong>.<\/p>\n<p>Le CLEEN vous permet une meilleure gestion de votre niveau de stress gr\u00e2ce \u00e0 une <strong>technique de lib\u00e9ration \u00e9motionnelle<\/strong> reconnue qui s&rsquo;adapte aux besoins de chacun et permet une prise de recul imm\u00e9diate pour \u00eatre en Action et non en R\u00e9action .<\/p>\n<p><strong>Coach to Cleen est un acteur de la qualit\u00e9 de vie au travail en entreprise et en \u00e9tablissement de sant\u00e9<\/strong>. Parlons-en.<\/p>\n<p>Nos formations qualit\u00e9 de vie au travail sont certifi\u00e9es <a href=\"https:\/\/travail-emploi.gouv.fr\/formation-professionnelle\/acteurs-cadre-et-qualite-de-la-formation-professionnelle\/article\/qualiopi-marque-de-certification-qualite-des-prestataires-de-formation\" target=\"_blank\" rel=\"noopener\">Qualiopi<\/a> et prise en charge pas vos <a href=\"https:\/\/travail-emploi.gouv.fr\/ministere\/acteurs\/partenaires\/opco\" target=\"_blank\" rel=\"noopener\">OPCO<\/a> ou votre <a href=\"https:\/\/www.moncompteformation.gouv.fr\/espace-public\/aide\/mon-compte\" target=\"_blank\" rel=\"noopener\">CPF<\/a>.<\/p>\n<p style=\"text-align: center;\"><a style=\"font-size: 13px; color: #fff; font-family: HKGrotesk-Bold; background: #f4c93f; border: 2px solid #f4c93f; height: 100px; line-height: 48px; border-radius: 60px; padding: 15px 21px; width: 100%;\" href=\"https:\/\/cleen.com\/pages\/acces-entreprise\" target=\"_blank\" rel=\"noopener\">Prendre un rendez-vous maintenant<\/a><\/p>\n<p>\u00a0<\/p>\n<p>\u00a0<\/p>\n<center><\/center><center><img loading=\"lazy\" decoding=\"async\" class=\"aligncenter wp-image-1453 size-large\" src=\"https:\/\/cleen.com\/blog\/wp-content\/uploads\/2024\/02\/coaching-qualite-de-vie-au-travail-2-900x600.jpg\" alt=\"coaching qualit\u00e9 de vie au travail\" width=\"900\" height=\"600\" srcset=\"https:\/\/cleen.com\/blog\/wp-content\/uploads\/2024\/02\/coaching-qualite-de-vie-au-travail-2-900x600.jpg 900w, https:\/\/cleen.com\/blog\/wp-content\/uploads\/2024\/02\/coaching-qualite-de-vie-au-travail-2-300x200.jpg 300w, https:\/\/cleen.com\/blog\/wp-content\/uploads\/2024\/02\/coaching-qualite-de-vie-au-travail-2-768x512.jpg 768w, https:\/\/cleen.com\/blog\/wp-content\/uploads\/2024\/02\/coaching-qualite-de-vie-au-travail-2-1536x1024.jpg 1536w, https:\/\/cleen.com\/blog\/wp-content\/uploads\/2024\/02\/coaching-qualite-de-vie-au-travail-2-2048x1365.jpg 2048w, https:\/\/cleen.com\/blog\/wp-content\/uploads\/2024\/02\/coaching-qualite-de-vie-au-travail-2-24x16.jpg 24w, https:\/\/cleen.com\/blog\/wp-content\/uploads\/2024\/02\/coaching-qualite-de-vie-au-travail-2-36x24.jpg 36w, https:\/\/cleen.com\/blog\/wp-content\/uploads\/2024\/02\/coaching-qualite-de-vie-au-travail-2-170x113.jpg 170w\" sizes=\"(max-width: 900px) 100vw, 900px\" \/><\/center><center>\n<p>\u00a0<\/p>\n<div>\n<p>Article \u00e9crit par Elsa Larue de Tournemine, 05\/02\/2024<\/p>\n<\/div>\n<div style=\"text-align: left;\"><a href=\"https:\/\/www.instagram.com\/coachtocleen\"><img decoding=\"async\" style=\"margin-right: 6px;\" src=\"https:\/\/cleen.com\/blog\/wp-content\/uploads\/2020\/03\/instagram-sketched.png\" width=\"20\" \/><\/a> <a href=\"https:\/\/www.facebook.com\/admincleen\/\"><img decoding=\"async\" style=\"margin-right: 6px;\" src=\"https:\/\/upload.wikimedia.org\/wikipedia\/commons\/thumb\/f\/ff\/Facebook_logo_36x36.svg\/36px-Facebook_logo_36x36.svg.png\" width=\"20\" \/><\/a> <a href=\"https:\/\/www.linkedin.com\/company\/coach-to-cleen\/about\/?viewAsMember=true\"><img decoding=\"async\" style=\"margin-right: 6px;\" src=\"https:\/\/cleen.com\/blog\/wp-content\/uploads\/2020\/03\/linkedin.png\" width=\"20\" \/><\/a> <a href=\"https:\/\/www.pinterest.com\/coachtocleen\"><img decoding=\"async\" src=\"https:\/\/cleen.com\/blog\/wp-content\/uploads\/2020\/03\/pinterest.png\" width=\"20\" \/><\/a><\/div>\n<div style=\"text-align: left;\">\u00a0<\/div>\n<p>\u00a0<\/p>\n<p>\u00a0<\/p>\n<\/center><center><\/center><center><\/center><center><\/center>\n<p>\u00a0<\/p>\n<p>\u00a0<\/p>\t\t\t\t\t<\/div>\n\t\t\t\t\t\t<\/div>\n\t\t\t\t<\/div>\n\t\t\t\t\t\t<\/div>\n\t\t\t\t\t<\/div>\n\t\t<\/div>\n\t\t\t\t\t\t\t\t<\/div>\n\t\t\t\t\t<\/div>\n\t\t<\/section>\n\t\t\t\t\t\t\t\t\t<\/div>\n\t\t\t<\/div>\n\t\t\t\t\t<\/div>\n\t\t","protected":false},"excerpt":{"rendered":"<p>Prendre soin de la sant\u00e9 mentale et \u00e9motionnelle des collaborateurs au sein de l&rsquo;entreprise, \u00e7a fait la diff\u00e9rence ! C\u2019est pourquoi, nombreux sont les entrepreneurs ou responsables des ressources humaines qui investissent dans des s\u00e9ances de coaching bien-\u00eatre et sant\u00e9.<\/p>\n","protected":false},"author":6,"featured_media":1454,"comment_status":"closed","ping_status":"open","sticky":false,"template":"","format":"standard","meta":{"_monsterinsights_skip_tracking":false,"_monsterinsights_sitenote_active":false,"_monsterinsights_sitenote_note":"","_monsterinsights_sitenote_category":0,"footnotes":""},"categories":[5,14,6],"tags":[],"yoast_head":"<!-- This site is optimized with the Yoast SEO plugin v22.1 - https:\/\/yoast.com\/wordpress\/plugins\/seo\/ -->\n<title>Coaching qualit\u00e9 de vie au travail, vers un meilleur bien-\u00eatre professionnel<\/title>\n<meta name=\"description\" content=\"Prendre soin de la sant\u00e9 mentale et \u00e9motionnelle des collaborateurs gr\u00e2ce au coaching en qualit\u00e9 de vie au travail, \u00e7a fait la diff\u00e9rence !\" \/>\n<meta name=\"robots\" content=\"index, follow, max-snippet:-1, max-image-preview:large, max-video-preview:-1\" \/>\n<link rel=\"canonical\" href=\"https:\/\/cleen.com\/blog\/coaching-et-qualite-de-vie-au-travail\/\" \/>\n<meta property=\"og:locale\" content=\"fr_FR\" \/>\n<meta property=\"og:type\" content=\"article\" \/>\n<meta property=\"og:title\" content=\"Coaching qualit\u00e9 de vie au travail, vers un meilleur bien-\u00eatre professionnel\" \/>\n<meta property=\"og:description\" content=\"Prendre soin de la sant\u00e9 mentale et \u00e9motionnelle des collaborateurs gr\u00e2ce au coaching en qualit\u00e9 de vie au travail, \u00e7a fait la diff\u00e9rence !\" \/>\n<meta property=\"og:url\" content=\"https:\/\/cleen.com\/blog\/coaching-et-qualite-de-vie-au-travail\/\" \/>\n<meta property=\"og:site_name\" content=\"Toutes les actualit\u00e9s de Coach to CLEEN\" \/>\n<meta property=\"article:publisher\" content=\"https:\/\/www.facebook.com\/admincleen\/\" \/>\n<meta property=\"article:published_time\" content=\"2024-02-05T17:07:49+00:00\" \/>\n<meta property=\"article:modified_time\" content=\"2025-02-25T18:19:30+00:00\" \/>\n<meta property=\"og:image\" content=\"https:\/\/cleen.com\/blog\/wp-content\/uploads\/2024\/02\/coaching-qualite-de-vie-au-travail-3-scaled.jpg\" \/>\n\t<meta property=\"og:image:width\" content=\"2560\" \/>\n\t<meta property=\"og:image:height\" content=\"1707\" \/>\n\t<meta property=\"og:image:type\" content=\"image\/jpeg\" \/>\n<meta name=\"author\" content=\"Elsa\" \/>\n<meta name=\"twitter:card\" content=\"summary_large_image\" \/>\n<meta name=\"twitter:label1\" content=\"\u00c9crit par\" \/>\n\t<meta name=\"twitter:data1\" content=\"Elsa\" \/>\n\t<meta name=\"twitter:label2\" content=\"Dur\u00e9e de lecture estim\u00e9e\" \/>\n\t<meta name=\"twitter:data2\" content=\"5 minutes\" \/>\n<script type=\"application\/ld+json\" class=\"yoast-schema-graph\">{\"@context\":\"https:\/\/schema.org\",\"@graph\":[{\"@type\":\"Article\",\"@id\":\"https:\/\/cleen.com\/blog\/coaching-et-qualite-de-vie-au-travail\/#article\",\"isPartOf\":{\"@id\":\"https:\/\/cleen.com\/blog\/coaching-et-qualite-de-vie-au-travail\/\"},\"author\":{\"name\":\"Elsa\",\"@id\":\"https:\/\/cleen.com\/blog\/#\/schema\/person\/b6f116bbf3fe7ac924cb4a22b81940fa\"},\"headline\":\"Coaching et qualit\u00e9 de vie au travail, pour un meilleur bien-\u00eatre professionnel\",\"datePublished\":\"2024-02-05T17:07:49+00:00\",\"dateModified\":\"2025-02-25T18:19:30+00:00\",\"mainEntityOfPage\":{\"@id\":\"https:\/\/cleen.com\/blog\/coaching-et-qualite-de-vie-au-travail\/\"},\"wordCount\":662,\"publisher\":{\"@id\":\"https:\/\/cleen.com\/blog\/#organization\"},\"articleSection\":[\"Blocage et stress\",\"Formation\",\"Performance\"],\"inLanguage\":\"fr-FR\"},{\"@type\":\"WebPage\",\"@id\":\"https:\/\/cleen.com\/blog\/coaching-et-qualite-de-vie-au-travail\/\",\"url\":\"https:\/\/cleen.com\/blog\/coaching-et-qualite-de-vie-au-travail\/\",\"name\":\"Coaching qualit\u00e9 de vie au travail, vers un meilleur bien-\u00eatre professionnel\",\"isPartOf\":{\"@id\":\"https:\/\/cleen.com\/blog\/#website\"},\"datePublished\":\"2024-02-05T17:07:49+00:00\",\"dateModified\":\"2025-02-25T18:19:30+00:00\",\"description\":\"Prendre soin de la sant\u00e9 mentale et \u00e9motionnelle des collaborateurs gr\u00e2ce au coaching en qualit\u00e9 de vie au travail, \u00e7a fait la diff\u00e9rence !\",\"breadcrumb\":{\"@id\":\"https:\/\/cleen.com\/blog\/coaching-et-qualite-de-vie-au-travail\/#breadcrumb\"},\"inLanguage\":\"fr-FR\",\"potentialAction\":[{\"@type\":\"ReadAction\",\"target\":[\"https:\/\/cleen.com\/blog\/coaching-et-qualite-de-vie-au-travail\/\"]}]},{\"@type\":\"BreadcrumbList\",\"@id\":\"https:\/\/cleen.com\/blog\/coaching-et-qualite-de-vie-au-travail\/#breadcrumb\",\"itemListElement\":[{\"@type\":\"ListItem\",\"position\":1,\"name\":\"Accueil\",\"item\":\"https:\/\/cleen.com\/blog\/\"},{\"@type\":\"ListItem\",\"position\":2,\"name\":\"Coaching et qualit\u00e9 de vie au travail, pour un meilleur bien-\u00eatre professionnel\"}]},{\"@type\":\"WebSite\",\"@id\":\"https:\/\/cleen.com\/blog\/#website\",\"url\":\"https:\/\/cleen.com\/blog\/\",\"name\":\"Toutes les actualit\u00e9s de Coach to CLEEN\",\"description\":\"\",\"publisher\":{\"@id\":\"https:\/\/cleen.com\/blog\/#organization\"},\"potentialAction\":[{\"@type\":\"SearchAction\",\"target\":{\"@type\":\"EntryPoint\",\"urlTemplate\":\"https:\/\/cleen.com\/blog\/?s={search_term_string}\"},\"query-input\":\"required name=search_term_string\"}],\"inLanguage\":\"fr-FR\"},{\"@type\":\"Organization\",\"@id\":\"https:\/\/cleen.com\/blog\/#organization\",\"name\":\"Toutes les actualit\u00e9s de Coach to CLEEN\",\"url\":\"https:\/\/cleen.com\/blog\/\",\"logo\":{\"@type\":\"ImageObject\",\"inLanguage\":\"fr-FR\",\"@id\":\"https:\/\/cleen.com\/blog\/#\/schema\/logo\/image\/\",\"url\":\"https:\/\/cleen.com\/blog\/wp-content\/uploads\/2020\/03\/cropped-logo-2-1.png\",\"contentUrl\":\"https:\/\/cleen.com\/blog\/wp-content\/uploads\/2020\/03\/cropped-logo-2-1.png\",\"width\":400,\"height\":136,\"caption\":\"Toutes les actualit\u00e9s de Coach to CLEEN\"},\"image\":{\"@id\":\"https:\/\/cleen.com\/blog\/#\/schema\/logo\/image\/\"},\"sameAs\":[\"https:\/\/www.facebook.com\/admincleen\/\"]},{\"@type\":\"Person\",\"@id\":\"https:\/\/cleen.com\/blog\/#\/schema\/person\/b6f116bbf3fe7ac924cb4a22b81940fa\",\"name\":\"Elsa\",\"url\":\"https:\/\/cleen.com\/blog\/author\/elsa\/\"}]}<\/script>\n<!-- \/ Yoast SEO plugin. -->","yoast_head_json":{"title":"Coaching qualit\u00e9 de vie au travail, vers un meilleur bien-\u00eatre professionnel","description":"Prendre soin de la sant\u00e9 mentale et \u00e9motionnelle des collaborateurs gr\u00e2ce au coaching en qualit\u00e9 de vie au travail, \u00e7a fait la diff\u00e9rence !","robots":{"index":"index","follow":"follow","max-snippet":"max-snippet:-1","max-image-preview":"max-image-preview:large","max-video-preview":"max-video-preview:-1"},"canonical":"https:\/\/cleen.com\/blog\/coaching-et-qualite-de-vie-au-travail\/","og_locale":"fr_FR","og_type":"article","og_title":"Coaching qualit\u00e9 de vie au travail, vers un meilleur bien-\u00eatre professionnel","og_description":"Prendre soin de la sant\u00e9 mentale et \u00e9motionnelle des collaborateurs gr\u00e2ce au coaching en qualit\u00e9 de vie au travail, \u00e7a fait la diff\u00e9rence !","og_url":"https:\/\/cleen.com\/blog\/coaching-et-qualite-de-vie-au-travail\/","og_site_name":"Toutes les actualit\u00e9s de Coach to CLEEN","article_publisher":"https:\/\/www.facebook.com\/admincleen\/","article_published_time":"2024-02-05T17:07:49+00:00","article_modified_time":"2025-02-25T18:19:30+00:00","og_image":[{"width":2560,"height":1707,"url":"https:\/\/cleen.com\/blog\/wp-content\/uploads\/2024\/02\/coaching-qualite-de-vie-au-travail-3-scaled.jpg","type":"image\/jpeg"}],"author":"Elsa","twitter_card":"summary_large_image","twitter_misc":{"\u00c9crit par":"Elsa","Dur\u00e9e de lecture estim\u00e9e":"5 minutes"},"schema":{"@context":"https:\/\/schema.org","@graph":[{"@type":"Article","@id":"https:\/\/cleen.com\/blog\/coaching-et-qualite-de-vie-au-travail\/#article","isPartOf":{"@id":"https:\/\/cleen.com\/blog\/coaching-et-qualite-de-vie-au-travail\/"},"author":{"name":"Elsa","@id":"https:\/\/cleen.com\/blog\/#\/schema\/person\/b6f116bbf3fe7ac924cb4a22b81940fa"},"headline":"Coaching et qualit\u00e9 de vie au travail, pour un meilleur bien-\u00eatre professionnel","datePublished":"2024-02-05T17:07:49+00:00","dateModified":"2025-02-25T18:19:30+00:00","mainEntityOfPage":{"@id":"https:\/\/cleen.com\/blog\/coaching-et-qualite-de-vie-au-travail\/"},"wordCount":662,"publisher":{"@id":"https:\/\/cleen.com\/blog\/#organization"},"articleSection":["Blocage et stress","Formation","Performance"],"inLanguage":"fr-FR"},{"@type":"WebPage","@id":"https:\/\/cleen.com\/blog\/coaching-et-qualite-de-vie-au-travail\/","url":"https:\/\/cleen.com\/blog\/coaching-et-qualite-de-vie-au-travail\/","name":"Coaching qualit\u00e9 de vie au travail, vers un meilleur bien-\u00eatre professionnel","isPartOf":{"@id":"https:\/\/cleen.com\/blog\/#website"},"datePublished":"2024-02-05T17:07:49+00:00","dateModified":"2025-02-25T18:19:30+00:00","description":"Prendre soin de la sant\u00e9 mentale et \u00e9motionnelle des collaborateurs gr\u00e2ce au coaching en qualit\u00e9 de vie au travail, \u00e7a fait la diff\u00e9rence !","breadcrumb":{"@id":"https:\/\/cleen.com\/blog\/coaching-et-qualite-de-vie-au-travail\/#breadcrumb"},"inLanguage":"fr-FR","potentialAction":[{"@type":"ReadAction","target":["https:\/\/cleen.com\/blog\/coaching-et-qualite-de-vie-au-travail\/"]}]},{"@type":"BreadcrumbList","@id":"https:\/\/cleen.com\/blog\/coaching-et-qualite-de-vie-au-travail\/#breadcrumb","itemListElement":[{"@type":"ListItem","position":1,"name":"Accueil","item":"https:\/\/cleen.com\/blog\/"},{"@type":"ListItem","position":2,"name":"Coaching et qualit\u00e9 de vie au travail, pour un meilleur bien-\u00eatre professionnel"}]},{"@type":"WebSite","@id":"https:\/\/cleen.com\/blog\/#website","url":"https:\/\/cleen.com\/blog\/","name":"Toutes les actualit\u00e9s de Coach to CLEEN","description":"","publisher":{"@id":"https:\/\/cleen.com\/blog\/#organization"},"potentialAction":[{"@type":"SearchAction","target":{"@type":"EntryPoint","urlTemplate":"https:\/\/cleen.com\/blog\/?s={search_term_string}"},"query-input":"required name=search_term_string"}],"inLanguage":"fr-FR"},{"@type":"Organization","@id":"https:\/\/cleen.com\/blog\/#organization","name":"Toutes les actualit\u00e9s de Coach to CLEEN","url":"https:\/\/cleen.com\/blog\/","logo":{"@type":"ImageObject","inLanguage":"fr-FR","@id":"https:\/\/cleen.com\/blog\/#\/schema\/logo\/image\/","url":"https:\/\/cleen.com\/blog\/wp-content\/uploads\/2020\/03\/cropped-logo-2-1.png","contentUrl":"https:\/\/cleen.com\/blog\/wp-content\/uploads\/2020\/03\/cropped-logo-2-1.png","width":400,"height":136,"caption":"Toutes les actualit\u00e9s de Coach to CLEEN"},"image":{"@id":"https:\/\/cleen.com\/blog\/#\/schema\/logo\/image\/"},"sameAs":["https:\/\/www.facebook.com\/admincleen\/"]},{"@type":"Person","@id":"https:\/\/cleen.com\/blog\/#\/schema\/person\/b6f116bbf3fe7ac924cb4a22b81940fa","name":"Elsa","url":"https:\/\/cleen.com\/blog\/author\/elsa\/"}]}},"_links":{"self":[{"href":"https:\/\/cleen.com\/blog\/wp-json\/wp\/v2\/posts\/1451"}],"collection":[{"href":"https:\/\/cleen.com\/blog\/wp-json\/wp\/v2\/posts"}],"about":[{"href":"https:\/\/cleen.com\/blog\/wp-json\/wp\/v2\/types\/post"}],"author":[{"embeddable":true,"href":"https:\/\/cleen.com\/blog\/wp-json\/wp\/v2\/users\/6"}],"replies":[{"embeddable":true,"href":"https:\/\/cleen.com\/blog\/wp-json\/wp\/v2\/comments?post=1451"}],"version-history":[{"count":10,"href":"https:\/\/cleen.com\/blog\/wp-json\/wp\/v2\/posts\/1451\/revisions"}],"predecessor-version":[{"id":1466,"href":"https:\/\/cleen.com\/blog\/wp-json\/wp\/v2\/posts\/1451\/revisions\/1466"}],"wp:featuredmedia":[{"embeddable":true,"href":"https:\/\/cleen.com\/blog\/wp-json\/wp\/v2\/media\/1454"}],"wp:attachment":[{"href":"https:\/\/cleen.com\/blog\/wp-json\/wp\/v2\/media?parent=1451"}],"wp:term":[{"taxonomy":"category","embeddable":true,"href":"https:\/\/cleen.com\/blog\/wp-json\/wp\/v2\/categories?post=1451"},{"taxonomy":"post_tag","embeddable":true,"href":"https:\/\/cleen.com\/blog\/wp-json\/wp\/v2\/tags?post=1451"}],"curies":[{"name":"wp","href":"https:\/\/api.w.org\/{rel}","templated":true}]}}