{"id":1350,"date":"2023-10-31T09:34:00","date_gmt":"2023-10-31T08:34:00","guid":{"rendered":"https:\/\/cleen.com\/blog\/?p=1350"},"modified":"2025-02-25T19:19:31","modified_gmt":"2025-02-25T18:19:31","slug":"pourquoi-faire-un-bilan-de-competences-et-en-quoi-ca-consiste","status":"publish","type":"post","link":"https:\/\/cleen.com\/blog\/pourquoi-faire-un-bilan-de-competences-et-en-quoi-ca-consiste\/","title":{"rendered":"Pourquoi faire un bilan de comp\u00e9tences et en quoi \u00e7a consiste ?"},"content":{"rendered":"\t\t<div data-elementor-type=\"wp-post\" data-elementor-id=\"1350\" class=\"elementor elementor-1350\">\n\t\t\t\t\t\t<div class=\"elementor-inner\">\n\t\t\t\t<div class=\"elementor-section-wrap\">\n\t\t\t\t\t\t\t\t\t<section class=\"elementor-section elementor-top-section elementor-element elementor-element-02b2c92 elementor-section-boxed elementor-section-height-default elementor-section-height-default\" data-id=\"02b2c92\" data-element_type=\"section\">\n\t\t\t\t\t\t<div class=\"elementor-container elementor-column-gap-default\">\n\t\t\t\t\t\t\t<div class=\"elementor-row\">\n\t\t\t\t\t<div class=\"elementor-column elementor-col-100 elementor-top-column elementor-element elementor-element-c8a37c9\" data-id=\"c8a37c9\" data-element_type=\"column\">\n\t\t\t<div class=\"elementor-column-wrap elementor-element-populated\">\n\t\t\t\t\t\t\t<div class=\"elementor-widget-wrap\">\n\t\t\t\t\t\t<div class=\"elementor-element elementor-element-58cb772 elementor-widget__width-initial elementor-widget elementor-widget-text-editor\" data-id=\"58cb772\" data-element_type=\"widget\" data-widget_type=\"text-editor.default\">\n\t\t\t\t<div class=\"elementor-widget-container\">\n\t\t\t\t\t\t\t\t<div class=\"elementor-text-editor elementor-clearfix\">\n\t\t\t\t<p><!-- wp:html --><\/p>\n<p><!-- \/wp:html --><\/p>\n<p>Dans le cadre de sa <a href=\"https:\/\/cleen.com\/pages\/changement_professionnel\" target=\"_blank\" rel=\"noopener\">carri\u00e8re professionnelle<\/a>, il est fr\u00e9quent de se poser des questions sur son \u00e9volution, sa promotion, son statut ou son salaire. Ne plus trop savoir vers o\u00f9 aller et ce qui vous motive r\u00e9ellement dans votre travail.&nbsp;<\/p>\n<p>Avez-vous d\u00e9j\u00e0 eu l\u2019occasion de faire le point sur votre parcours professionnel, sur vos capacit\u00e9s et vos points forts ? Connaissez-vous vos faiblesses ou vos limites ? Avez-vous d\u00e9j\u00e0 pris le temps de vous poser les bonnes questions et de d\u00e9finir ce dont vous avez r\u00e9ellement envie ou besoin professionnellement ? Etes-vous compl\u00e8tement \u00e9panoui au travail et savez-vous exactement ce que vous attendez de votre situation professionnelle ?&nbsp;<\/p>\n<p>Si les r\u00e9ponses \u00e0 ces questions sont globalement n\u00e9gatives, il est peut-\u00eatre temps de faire un bilan de comp\u00e9tences.<\/p>\n<p><!-- \/wp:image --><\/p>\n<p><!-- wp:paragraph --><\/p>\n<p><!-- \/wp:paragraph --><\/p>\n<p><!-- wp:paragraph --><!-- \/wp:paragraph --><\/p>\n<p><!-- wp:html --><\/p>\n<h2 style=\"line-height: 1.2; margin-top: 0pt; margin-bottom: 0pt;\"><span style=\"color: #3fa9a9; font-family: Calibri, sans-serif;\"><span style=\"font-size: 24px; white-space-collapse: preserve;\">Qu\u2019est-ce qu\u2019un bilan de comp\u00e9tences et dans quels cas y avoir recours ?<\/span><\/span><\/h2>\n<p>L\u2019objectif du bilan de comp\u00e9tences est d\u2019analyser les aptitudes personnelles et professionnelles d\u2019une personne et ses motivations. C\u2019est une d\u00e9marche introspective importante, de mise au point \u00e0 faire volontairement et pour laquelle il faut \u00eatre motiv\u00e9. En r\u00e8gle g\u00e9n\u00e9rale, il est r\u00e9alis\u00e9 dans le cadre d\u2019un projet d\u2019\u00e9volution professionnelle ou \u00e0 tout moment de la vie professionnelle, si vous ressentez le besoin de changement ou la n\u00e9cessit\u00e9 d\u2019\u00e9voluer.<\/p>\n<p><img loading=\"lazy\" decoding=\"async\" class=\"size-medium wp-image-1378 alignleft\" src=\"https:\/\/cleen.com\/blog\/wp-content\/uploads\/2023\/10\/agefis-qh-mar1Tzo8-unsplash-200x300.jpg\" alt=\"Bilan de comp\u00e9tences\" width=\"200\" height=\"300\" srcset=\"https:\/\/cleen.com\/blog\/wp-content\/uploads\/2023\/10\/agefis-qh-mar1Tzo8-unsplash-200x300.jpg 200w, https:\/\/cleen.com\/blog\/wp-content\/uploads\/2023\/10\/agefis-qh-mar1Tzo8-unsplash-400x600.jpg 400w, https:\/\/cleen.com\/blog\/wp-content\/uploads\/2023\/10\/agefis-qh-mar1Tzo8-unsplash-768x1152.jpg 768w, https:\/\/cleen.com\/blog\/wp-content\/uploads\/2023\/10\/agefis-qh-mar1Tzo8-unsplash-1024x1536.jpg 1024w, https:\/\/cleen.com\/blog\/wp-content\/uploads\/2023\/10\/agefis-qh-mar1Tzo8-unsplash-1365x2048.jpg 1365w, https:\/\/cleen.com\/blog\/wp-content\/uploads\/2023\/10\/agefis-qh-mar1Tzo8-unsplash-16x24.jpg 16w, https:\/\/cleen.com\/blog\/wp-content\/uploads\/2023\/10\/agefis-qh-mar1Tzo8-unsplash-24x36.jpg 24w, https:\/\/cleen.com\/blog\/wp-content\/uploads\/2023\/10\/agefis-qh-mar1Tzo8-unsplash-75x113.jpg 75w, https:\/\/cleen.com\/blog\/wp-content\/uploads\/2023\/10\/agefis-qh-mar1Tzo8-unsplash-scaled.jpg 1707w\" sizes=\"(max-width: 200px) 100vw, 200px\" \/><\/p>\n<p>L\u2019objectif du bilan de comp\u00e9tences n\u2019est pas de vous faire changer personnellement, mais plut\u00f4t de <strong>mieux vous conna\u00eetre et vous comprendre<\/strong>. Il va vous permettre d&rsquo;identifier vos atouts, votre potentiel, vos lacunes et vos limites. Ses objectifs ne s\u2019arr\u00eatent pas l\u00e0. En effet, il a \u00e9galement pour but de :<\/p>\n<ul>\n<li>\n<p>vous aider \u00e0 d\u00e9finir votre projet professionnel ou votre projet de formation ;<\/p>\n<\/li>\n<li>\n<p>attester de vos comp\u00e9tences et aptitudes \u00e0 faire valoir lors de vos futures n\u00e9gociations professionnelles.<\/p>\n<\/li>\n<\/ul>\n<p>C\u2019est une d\u00e9marche primordiale dans le cadre d\u2019une <a href=\"https:\/\/cleen.com\/pages\/reussite_et_challenge\" target=\"_blank\" rel=\"noopener\">\u00e9volution de carri\u00e8re.<\/a> Les bilans de comp\u00e9tences sont \u00e9ligibles au <a href=\"https:\/\/www.moncompteformation.gouv.fr\/espace-prive\/html\/#\/formation\/recherche\/85018047200019_CPF202\/85018047200019_CPF202?contexteFormation=ACTIVITE_PROFESSIONNELLE\">CPF <\/a><a href=\"https:\/\/www.moncompteformation.gouv.fr\/espace-public\/aide\/mon-compte\" target=\"_blank\" rel=\"noopener\">(Compte Personnel de Formation)<\/a>. Si vous \u00eates salari\u00e9 du secteur priv\u00e9 ou public, int\u00e9rimaire ou demandeur d\u2019emploi vous pouvez \u00e0 tout moment vous faire financer votre bilan de comp\u00e9tences.<\/p>\n<p>Si vous n\u2019\u00eates pas salari\u00e9 et que vous avez un nouveau projet professionnel, vous pouvez \u00e9galement faire un bilan dans une d\u00e9marche personnelle par le biais d\u2019un organisme priv\u00e9.<\/p>\n<h2 style=\"line-height: 1.2; margin-top: 0pt; margin-bottom: 0pt;\"><span style=\"color: #3fa9a9; font-family: Calibri, sans-serif;\"><span style=\"font-size: 24px; white-space-collapse: preserve;\">Le d\u00e9roulement d\u2019un bilan de comp\u00e9tences<\/span><\/span><\/h2>\n<p><img loading=\"lazy\" decoding=\"async\" class=\"size-medium wp-image-1354 alignleft\" src=\"https:\/\/cleen.com\/blog\/wp-content\/uploads\/2023\/10\/Bilan-de-competences-1-200x300.jpg\" alt=\"Bilan de comp\u00e9tence en ligne\" width=\"200\" height=\"300\" srcset=\"https:\/\/cleen.com\/blog\/wp-content\/uploads\/2023\/10\/Bilan-de-competences-1-200x300.jpg 200w, https:\/\/cleen.com\/blog\/wp-content\/uploads\/2023\/10\/Bilan-de-competences-1-400x600.jpg 400w, https:\/\/cleen.com\/blog\/wp-content\/uploads\/2023\/10\/Bilan-de-competences-1-768x1152.jpg 768w, https:\/\/cleen.com\/blog\/wp-content\/uploads\/2023\/10\/Bilan-de-competences-1-1024x1536.jpg 1024w, https:\/\/cleen.com\/blog\/wp-content\/uploads\/2023\/10\/Bilan-de-competences-1-1365x2048.jpg 1365w, https:\/\/cleen.com\/blog\/wp-content\/uploads\/2023\/10\/Bilan-de-competences-1-16x24.jpg 16w, https:\/\/cleen.com\/blog\/wp-content\/uploads\/2023\/10\/Bilan-de-competences-1-24x36.jpg 24w, https:\/\/cleen.com\/blog\/wp-content\/uploads\/2023\/10\/Bilan-de-competences-1-75x113.jpg 75w, https:\/\/cleen.com\/blog\/wp-content\/uploads\/2023\/10\/Bilan-de-competences-1-scaled.jpg 1707w\" sizes=\"(max-width: 200px) 100vw, 200px\" \/>Un bilan de comp\u00e9tences est r\u00e9alis\u00e9 par un organisme de formation agr\u00e9\u00e9 aupr\u00e8s du <a href=\"https:\/\/www.of.moncompteformation.gouv.fr\/espace-public\/\" target=\"_blank\" rel=\"noopener\">EDOF<\/a> ou d&rsquo;un <a href=\"https:\/\/www.opcoep.fr\/\" target=\"_blank\" rel=\"noopener\">OPCO<\/a>.<\/p>\n<p>Un consultant va alors vous accompagner lors d&rsquo;entretiens individuels de 2 \u00e0 3 heures chacun. Au total, votre bilan dure 15h et s\u2019organise en trois phases :<\/p>\n<ul>\n<li>\n<p>Une premi\u00e8re \u00e9tape : <strong>votre consultant va analyser votre demande et votre situation.<\/strong> Il va vous poser des questions sur votre parcours professionnel pour en retracer les \u00e9tapes. Vous aider \u00e0 comprendre votre ressenti, \u00e0 tirer des enseignements de vos exp\u00e9riences et vous faire prendre conscience de vos attentes. A la fin de cette \u00e9tape, votre consultant va d\u00e9terminer avec vous ce dont vous avez besoin et d\u00e9finir le format adapt\u00e9 pour la suite. C\u2019est \u00e0 ce moment-l\u00e0 que vous allez vous mettre d\u2019accord sur les modalit\u00e9s de d\u00e9roulement du bilan. Car un bilan de comp\u00e9tences se fait dans une collaboration \u00e0 deux ; il est donc important d\u2019\u00eatre sur la m\u00eame longueur d\u2019onde d\u00e8s le d\u00e9but.<\/p>\n<\/li>\n<li>\n<p>Une deuxi\u00e8me \u00e9tape : <strong>vous allez construire votre projet professionnel et apprendre \u00e0 mieux vous conna\u00eetre.<\/strong> Dans ce cadre, votre consultant va vous faire passer des tests de personnalit\u00e9 ou vous proposer des questionnaires et des jeux ludiques dans l\u2019objectif de pr\u00e9ciser vos envies en fonction de votre personnalit\u00e9. Une bonne connaissance de soi est primordiale pour s\u2019\u00e9panouir sereinement dans sa carri\u00e8re professionnelle.<\/p>\n<\/li>\n<li>\n<p>Une troisi\u00e8me \u00e9tape : <strong>une phase de conclusion lors de laquelle vous tirez les r\u00e9sultats de votre introspection.<\/strong> Vous allez alors v\u00e9ritablement identifier la faisabilit\u00e9 de votre projet professionnel en fonction de vos attentes, vos capacit\u00e9s et vos limites. L\u2019occasion d\u2019en v\u00e9rifier la pertinence ou d\u2019\u00e9laborer, en cas de besoin, une ou plusieurs alternatives.<\/p>\n<\/li>\n<\/ul>\n<h2 style=\"line-height: 1.2; margin-top: 0pt; margin-bottom: 0pt;\"><span style=\"color: #3fa9a9; font-family: Calibri, sans-serif;\"><span style=\"font-size: 24px; white-space-collapse: preserve;\">Le coaching en reconversion professionnelle : quel est son objectif ?<\/span><\/span><\/h2>\n<p>Le bilan de comp\u00e9tences est n\u00e9cessaire si vous envisagez un changement de carri\u00e8re ou que vous vous posez des questions sur votre \u00e9volution professionnelle. Il peut \u00e9galement \u00eatre un outil central dans le cadre d\u2019un travail plus complet que l\u2019on appelle le <a href=\"https:\/\/cleen.com\/blog\/quand-et-pourquoi-se-faire-aider-par-un-coach-en-reconversion-professionnelle\/\" target=\"_blank\" rel=\"noopener\"><strong>coaching en reconversion professionnelle<\/strong><\/a>.<\/p>\n<p>Un coach en reconversion professionnelle va vous accompagner de mani\u00e8re plus globale dans le cadre de votre changement professionnel. En plus de r\u00e9aliser avec vous votre bilan de comp\u00e9tences, il va vous aider \u00e0 mettre en \u0153uvre des conclusions avec des solutions concr\u00e8tes pour r\u00e9ussir votre changement et pour que vous puissiez sauter le pas en toute s\u00e9r\u00e9nit\u00e9.<\/p>\n<p><img loading=\"lazy\" decoding=\"async\" class=\"size-medium wp-image-1351 alignleft\" src=\"https:\/\/cleen.com\/blog\/wp-content\/uploads\/2023\/10\/Bilan-de-competences-2-300x200.jpg\" alt=\"Coaching en reconversion professionnelle et bilan de comp\u00e9tence\" width=\"300\" height=\"200\" srcset=\"https:\/\/cleen.com\/blog\/wp-content\/uploads\/2023\/10\/Bilan-de-competences-2-300x200.jpg 300w, https:\/\/cleen.com\/blog\/wp-content\/uploads\/2023\/10\/Bilan-de-competences-2-900x600.jpg 900w, https:\/\/cleen.com\/blog\/wp-content\/uploads\/2023\/10\/Bilan-de-competences-2-768x512.jpg 768w, https:\/\/cleen.com\/blog\/wp-content\/uploads\/2023\/10\/Bilan-de-competences-2-1536x1024.jpg 1536w, https:\/\/cleen.com\/blog\/wp-content\/uploads\/2023\/10\/Bilan-de-competences-2-2048x1365.jpg 2048w, https:\/\/cleen.com\/blog\/wp-content\/uploads\/2023\/10\/Bilan-de-competences-2-24x16.jpg 24w, https:\/\/cleen.com\/blog\/wp-content\/uploads\/2023\/10\/Bilan-de-competences-2-36x24.jpg 36w, https:\/\/cleen.com\/blog\/wp-content\/uploads\/2023\/10\/Bilan-de-competences-2-170x113.jpg 170w\" sizes=\"(max-width: 300px) 100vw, 300px\" \/>C\u2019est un accompagnement plus global, lors duquel vous allez apprendre \u00e0 lever les freins psychologiques \u00e0 la r\u00e9ussite de votre projet et facilit\u00e9 votre \u00e9volution.<\/p>\n<p><strong>Vous souhaitez \u00e9voluer dans votre carri\u00e8re ? Ou tout simplement faire le point sur votre situation professionnelle ?<\/strong> Parlez-nous de votre projet et nous vous aiderons \u00e0 d\u00e9finir vos besoins pour r\u00e9ussir \u00e0 vous d\u00e9passer et r\u00e9aliser concr\u00e8tement vos changements professionnels.<\/p>\n<p><\/p>\n<p><\/p><center><a style=\"font-size: 13px; color: #fff; font-family: HKGrotesk-Bold; background: #f4c93f; border: 2px solid #f4c93f; height: 100px; line-height: 48px; border-radius: 60px; padding: 15px 21px; width: 100%;\" href=\"https:\/\/cleen.com\/pages\/seances\"> Prendre un rendez-vous maintenant<\/a><\/center><center><\/center><center><p><\/p>\n<p><!-- \/wp:paragraph --><\/p>\n<p><!-- wp:image {\"id\":688} --><\/p>\n<p><!-- \/wp:image --><\/p>\n<p><!-- wp:html \/--><\/p>\n<p><!-- wp:html --><\/p>\n<div>\n<p>Article \u00e9crit par Elsa Larue de Tournemine, 31\/10\/2023<\/p>\n<\/div>\n<div style=\"text-align: left;\"><a href=\"https:\/\/www.instagram.com\/coachtocleen\"><img decoding=\"async\" style=\"margin-right: 6px;\" src=\"https:\/\/cleen.com\/blog\/wp-content\/uploads\/2020\/03\/instagram-sketched.png\" width=\"20\"><\/a> <a href=\"https:\/\/www.facebook.com\/admincleen\/\"><img decoding=\"async\" style=\"margin-right: 6px;\" src=\"https:\/\/upload.wikimedia.org\/wikipedia\/commons\/thumb\/f\/ff\/Facebook_logo_36x36.svg\/36px-Facebook_logo_36x36.svg.png\" width=\"20\"><\/a> <a href=\"https:\/\/www.linkedin.com\/company\/coach-to-cleen\/about\/?viewAsMember=true\"><img decoding=\"async\" style=\"margin-right: 6px;\" src=\"https:\/\/cleen.com\/blog\/wp-content\/uploads\/2020\/03\/linkedin.png\" width=\"20\"><\/a> <a href=\"https:\/\/www.pinterest.com\/coachtocleen\"><img decoding=\"async\" src=\"https:\/\/cleen.com\/blog\/wp-content\/uploads\/2020\/03\/pinterest.png\" width=\"20\"><\/a><\/div>\n<p><\/p>\n<p><\/p><\/center><center><\/center><center><\/center><center><\/center><p><\/p>\n<p><\/p>\t\t\t\t\t<\/div>\n\t\t\t\t\t\t<\/div>\n\t\t\t\t<\/div>\n\t\t\t\t\t\t<\/div>\n\t\t\t\t\t<\/div>\n\t\t<\/div>\n\t\t\t\t\t\t\t\t<\/div>\n\t\t\t\t\t<\/div>\n\t\t<\/section>\n\t\t\t\t\t\t\t\t\t<\/div>\n\t\t\t<\/div>\n\t\t\t\t\t<\/div>\n\t\t","protected":false},"excerpt":{"rendered":"<p>Avez-vous d\u00e9j\u00e0 eu l\u2019occasion de faire le point sur votre parcours professionnel, sur vos capacit\u00e9s et vos points forts ? Connaissez-vous vos faiblesses ou vos limites ? Avez-vous d\u00e9j\u00e0 pris le temps de vous poser les bonnes questions et de d\u00e9finir ce dont vous avez r\u00e9ellement envie ou besoin professionnellement ? Etes-vous compl\u00e8tement \u00e9panoui au travail et savez-vous exactement ce que vous attendez de votre situation professionnelle ? Si les r\u00e9ponses \u00e0 ces questions sont globalement n\u00e9gatives, il est peut-\u00eatre temps de faire un bilan de comp\u00e9tences.<\/p>\n","protected":false},"author":6,"featured_media":1376,"comment_status":"closed","ping_status":"open","sticky":false,"template":"","format":"standard","meta":{"_monsterinsights_skip_tracking":false,"_monsterinsights_sitenote_active":false,"_monsterinsights_sitenote_note":"","_monsterinsights_sitenote_category":0,"footnotes":""},"categories":[14,6],"tags":[],"yoast_head":"<!-- This site is optimized with the Yoast SEO plugin v22.1 - https:\/\/yoast.com\/wordpress\/plugins\/seo\/ -->\n<title>Pourquoi faire un bilan de comp\u00e9tences et en quoi \u00e7a consiste ?<\/title>\n<meta name=\"description\" content=\"Le bilan de comp\u00e9tences est une d\u00e9marche primordiale pour une \u00e9volution de carri\u00e8re. Quand, comment, pourquoi ? La r\u00e9ponse \u00e0 vos question.\" \/>\n<meta name=\"robots\" content=\"index, follow, max-snippet:-1, max-image-preview:large, max-video-preview:-1\" \/>\n<link rel=\"canonical\" href=\"https:\/\/cleen.com\/blog\/pourquoi-faire-un-bilan-de-competences-et-en-quoi-ca-consiste\/\" \/>\n<meta property=\"og:locale\" content=\"fr_FR\" \/>\n<meta property=\"og:type\" content=\"article\" \/>\n<meta property=\"og:title\" content=\"Pourquoi faire un bilan de comp\u00e9tences et en quoi \u00e7a consiste ?\" \/>\n<meta property=\"og:description\" content=\"Le bilan de comp\u00e9tences est une d\u00e9marche primordiale pour une \u00e9volution de carri\u00e8re. Quand, comment, pourquoi ? La r\u00e9ponse \u00e0 vos question.\" \/>\n<meta property=\"og:url\" content=\"https:\/\/cleen.com\/blog\/pourquoi-faire-un-bilan-de-competences-et-en-quoi-ca-consiste\/\" \/>\n<meta property=\"og:site_name\" content=\"Toutes les actualit\u00e9s de Coach to CLEEN\" \/>\n<meta property=\"article:publisher\" content=\"https:\/\/www.facebook.com\/admincleen\/\" \/>\n<meta property=\"article:published_time\" content=\"2023-10-31T08:34:00+00:00\" \/>\n<meta property=\"article:modified_time\" content=\"2025-02-25T18:19:31+00:00\" \/>\n<meta property=\"og:image\" content=\"https:\/\/cleen.com\/blog\/wp-content\/uploads\/2023\/10\/krakenimages-376KN_ISplE-unsplash-scaled.jpg\" \/>\n\t<meta property=\"og:image:width\" content=\"2560\" \/>\n\t<meta property=\"og:image:height\" content=\"1707\" \/>\n\t<meta property=\"og:image:type\" content=\"image\/jpeg\" \/>\n<meta name=\"author\" content=\"Elsa\" \/>\n<meta name=\"twitter:card\" content=\"summary_large_image\" \/>\n<meta name=\"twitter:label1\" content=\"\u00c9crit par\" \/>\n\t<meta name=\"twitter:data1\" content=\"Elsa\" \/>\n\t<meta name=\"twitter:label2\" content=\"Dur\u00e9e de lecture estim\u00e9e\" \/>\n\t<meta name=\"twitter:data2\" content=\"6 minutes\" \/>\n<script type=\"application\/ld+json\" class=\"yoast-schema-graph\">{\"@context\":\"https:\/\/schema.org\",\"@graph\":[{\"@type\":\"Article\",\"@id\":\"https:\/\/cleen.com\/blog\/pourquoi-faire-un-bilan-de-competences-et-en-quoi-ca-consiste\/#article\",\"isPartOf\":{\"@id\":\"https:\/\/cleen.com\/blog\/pourquoi-faire-un-bilan-de-competences-et-en-quoi-ca-consiste\/\"},\"author\":{\"name\":\"Elsa\",\"@id\":\"https:\/\/cleen.com\/blog\/#\/schema\/person\/b6f116bbf3fe7ac924cb4a22b81940fa\"},\"headline\":\"Pourquoi faire un bilan de comp\u00e9tences et en quoi \u00e7a consiste ?\",\"datePublished\":\"2023-10-31T08:34:00+00:00\",\"dateModified\":\"2025-02-25T18:19:31+00:00\",\"mainEntityOfPage\":{\"@id\":\"https:\/\/cleen.com\/blog\/pourquoi-faire-un-bilan-de-competences-et-en-quoi-ca-consiste\/\"},\"wordCount\":927,\"publisher\":{\"@id\":\"https:\/\/cleen.com\/blog\/#organization\"},\"articleSection\":[\"Formation\",\"Performance\"],\"inLanguage\":\"fr-FR\"},{\"@type\":\"WebPage\",\"@id\":\"https:\/\/cleen.com\/blog\/pourquoi-faire-un-bilan-de-competences-et-en-quoi-ca-consiste\/\",\"url\":\"https:\/\/cleen.com\/blog\/pourquoi-faire-un-bilan-de-competences-et-en-quoi-ca-consiste\/\",\"name\":\"Pourquoi faire un bilan de comp\u00e9tences et en quoi \u00e7a consiste ?\",\"isPartOf\":{\"@id\":\"https:\/\/cleen.com\/blog\/#website\"},\"datePublished\":\"2023-10-31T08:34:00+00:00\",\"dateModified\":\"2025-02-25T18:19:31+00:00\",\"description\":\"Le bilan de comp\u00e9tences est une d\u00e9marche primordiale pour une \u00e9volution de carri\u00e8re. Quand, comment, pourquoi ? La r\u00e9ponse \u00e0 vos question.\",\"breadcrumb\":{\"@id\":\"https:\/\/cleen.com\/blog\/pourquoi-faire-un-bilan-de-competences-et-en-quoi-ca-consiste\/#breadcrumb\"},\"inLanguage\":\"fr-FR\",\"potentialAction\":[{\"@type\":\"ReadAction\",\"target\":[\"https:\/\/cleen.com\/blog\/pourquoi-faire-un-bilan-de-competences-et-en-quoi-ca-consiste\/\"]}]},{\"@type\":\"BreadcrumbList\",\"@id\":\"https:\/\/cleen.com\/blog\/pourquoi-faire-un-bilan-de-competences-et-en-quoi-ca-consiste\/#breadcrumb\",\"itemListElement\":[{\"@type\":\"ListItem\",\"position\":1,\"name\":\"Accueil\",\"item\":\"https:\/\/cleen.com\/blog\/\"},{\"@type\":\"ListItem\",\"position\":2,\"name\":\"Pourquoi faire un bilan de comp\u00e9tences et en quoi \u00e7a consiste ?\"}]},{\"@type\":\"WebSite\",\"@id\":\"https:\/\/cleen.com\/blog\/#website\",\"url\":\"https:\/\/cleen.com\/blog\/\",\"name\":\"Toutes les actualit\u00e9s de Coach to CLEEN\",\"description\":\"\",\"publisher\":{\"@id\":\"https:\/\/cleen.com\/blog\/#organization\"},\"potentialAction\":[{\"@type\":\"SearchAction\",\"target\":{\"@type\":\"EntryPoint\",\"urlTemplate\":\"https:\/\/cleen.com\/blog\/?s={search_term_string}\"},\"query-input\":\"required name=search_term_string\"}],\"inLanguage\":\"fr-FR\"},{\"@type\":\"Organization\",\"@id\":\"https:\/\/cleen.com\/blog\/#organization\",\"name\":\"Toutes les actualit\u00e9s de Coach to CLEEN\",\"url\":\"https:\/\/cleen.com\/blog\/\",\"logo\":{\"@type\":\"ImageObject\",\"inLanguage\":\"fr-FR\",\"@id\":\"https:\/\/cleen.com\/blog\/#\/schema\/logo\/image\/\",\"url\":\"https:\/\/cleen.com\/blog\/wp-content\/uploads\/2020\/03\/cropped-logo-2-1.png\",\"contentUrl\":\"https:\/\/cleen.com\/blog\/wp-content\/uploads\/2020\/03\/cropped-logo-2-1.png\",\"width\":400,\"height\":136,\"caption\":\"Toutes les actualit\u00e9s de Coach to CLEEN\"},\"image\":{\"@id\":\"https:\/\/cleen.com\/blog\/#\/schema\/logo\/image\/\"},\"sameAs\":[\"https:\/\/www.facebook.com\/admincleen\/\"]},{\"@type\":\"Person\",\"@id\":\"https:\/\/cleen.com\/blog\/#\/schema\/person\/b6f116bbf3fe7ac924cb4a22b81940fa\",\"name\":\"Elsa\",\"url\":\"https:\/\/cleen.com\/blog\/author\/elsa\/\"}]}<\/script>\n<!-- \/ Yoast SEO plugin. -->","yoast_head_json":{"title":"Pourquoi faire un bilan de comp\u00e9tences et en quoi \u00e7a consiste ?","description":"Le bilan de comp\u00e9tences est une d\u00e9marche primordiale pour une \u00e9volution de carri\u00e8re. Quand, comment, pourquoi ? La r\u00e9ponse \u00e0 vos question.","robots":{"index":"index","follow":"follow","max-snippet":"max-snippet:-1","max-image-preview":"max-image-preview:large","max-video-preview":"max-video-preview:-1"},"canonical":"https:\/\/cleen.com\/blog\/pourquoi-faire-un-bilan-de-competences-et-en-quoi-ca-consiste\/","og_locale":"fr_FR","og_type":"article","og_title":"Pourquoi faire un bilan de comp\u00e9tences et en quoi \u00e7a consiste ?","og_description":"Le bilan de comp\u00e9tences est une d\u00e9marche primordiale pour une \u00e9volution de carri\u00e8re. Quand, comment, pourquoi ? La r\u00e9ponse \u00e0 vos question.","og_url":"https:\/\/cleen.com\/blog\/pourquoi-faire-un-bilan-de-competences-et-en-quoi-ca-consiste\/","og_site_name":"Toutes les actualit\u00e9s de Coach to CLEEN","article_publisher":"https:\/\/www.facebook.com\/admincleen\/","article_published_time":"2023-10-31T08:34:00+00:00","article_modified_time":"2025-02-25T18:19:31+00:00","og_image":[{"width":2560,"height":1707,"url":"https:\/\/cleen.com\/blog\/wp-content\/uploads\/2023\/10\/krakenimages-376KN_ISplE-unsplash-scaled.jpg","type":"image\/jpeg"}],"author":"Elsa","twitter_card":"summary_large_image","twitter_misc":{"\u00c9crit par":"Elsa","Dur\u00e9e de lecture estim\u00e9e":"6 minutes"},"schema":{"@context":"https:\/\/schema.org","@graph":[{"@type":"Article","@id":"https:\/\/cleen.com\/blog\/pourquoi-faire-un-bilan-de-competences-et-en-quoi-ca-consiste\/#article","isPartOf":{"@id":"https:\/\/cleen.com\/blog\/pourquoi-faire-un-bilan-de-competences-et-en-quoi-ca-consiste\/"},"author":{"name":"Elsa","@id":"https:\/\/cleen.com\/blog\/#\/schema\/person\/b6f116bbf3fe7ac924cb4a22b81940fa"},"headline":"Pourquoi faire un bilan de comp\u00e9tences et en quoi \u00e7a consiste ?","datePublished":"2023-10-31T08:34:00+00:00","dateModified":"2025-02-25T18:19:31+00:00","mainEntityOfPage":{"@id":"https:\/\/cleen.com\/blog\/pourquoi-faire-un-bilan-de-competences-et-en-quoi-ca-consiste\/"},"wordCount":927,"publisher":{"@id":"https:\/\/cleen.com\/blog\/#organization"},"articleSection":["Formation","Performance"],"inLanguage":"fr-FR"},{"@type":"WebPage","@id":"https:\/\/cleen.com\/blog\/pourquoi-faire-un-bilan-de-competences-et-en-quoi-ca-consiste\/","url":"https:\/\/cleen.com\/blog\/pourquoi-faire-un-bilan-de-competences-et-en-quoi-ca-consiste\/","name":"Pourquoi faire un bilan de comp\u00e9tences et en quoi \u00e7a consiste ?","isPartOf":{"@id":"https:\/\/cleen.com\/blog\/#website"},"datePublished":"2023-10-31T08:34:00+00:00","dateModified":"2025-02-25T18:19:31+00:00","description":"Le bilan de comp\u00e9tences est une d\u00e9marche primordiale pour une \u00e9volution de carri\u00e8re. Quand, comment, pourquoi ? La r\u00e9ponse \u00e0 vos question.","breadcrumb":{"@id":"https:\/\/cleen.com\/blog\/pourquoi-faire-un-bilan-de-competences-et-en-quoi-ca-consiste\/#breadcrumb"},"inLanguage":"fr-FR","potentialAction":[{"@type":"ReadAction","target":["https:\/\/cleen.com\/blog\/pourquoi-faire-un-bilan-de-competences-et-en-quoi-ca-consiste\/"]}]},{"@type":"BreadcrumbList","@id":"https:\/\/cleen.com\/blog\/pourquoi-faire-un-bilan-de-competences-et-en-quoi-ca-consiste\/#breadcrumb","itemListElement":[{"@type":"ListItem","position":1,"name":"Accueil","item":"https:\/\/cleen.com\/blog\/"},{"@type":"ListItem","position":2,"name":"Pourquoi faire un bilan de comp\u00e9tences et en quoi \u00e7a consiste ?"}]},{"@type":"WebSite","@id":"https:\/\/cleen.com\/blog\/#website","url":"https:\/\/cleen.com\/blog\/","name":"Toutes les actualit\u00e9s de Coach to CLEEN","description":"","publisher":{"@id":"https:\/\/cleen.com\/blog\/#organization"},"potentialAction":[{"@type":"SearchAction","target":{"@type":"EntryPoint","urlTemplate":"https:\/\/cleen.com\/blog\/?s={search_term_string}"},"query-input":"required name=search_term_string"}],"inLanguage":"fr-FR"},{"@type":"Organization","@id":"https:\/\/cleen.com\/blog\/#organization","name":"Toutes les actualit\u00e9s de Coach to CLEEN","url":"https:\/\/cleen.com\/blog\/","logo":{"@type":"ImageObject","inLanguage":"fr-FR","@id":"https:\/\/cleen.com\/blog\/#\/schema\/logo\/image\/","url":"https:\/\/cleen.com\/blog\/wp-content\/uploads\/2020\/03\/cropped-logo-2-1.png","contentUrl":"https:\/\/cleen.com\/blog\/wp-content\/uploads\/2020\/03\/cropped-logo-2-1.png","width":400,"height":136,"caption":"Toutes les actualit\u00e9s de Coach to CLEEN"},"image":{"@id":"https:\/\/cleen.com\/blog\/#\/schema\/logo\/image\/"},"sameAs":["https:\/\/www.facebook.com\/admincleen\/"]},{"@type":"Person","@id":"https:\/\/cleen.com\/blog\/#\/schema\/person\/b6f116bbf3fe7ac924cb4a22b81940fa","name":"Elsa","url":"https:\/\/cleen.com\/blog\/author\/elsa\/"}]}},"_links":{"self":[{"href":"https:\/\/cleen.com\/blog\/wp-json\/wp\/v2\/posts\/1350"}],"collection":[{"href":"https:\/\/cleen.com\/blog\/wp-json\/wp\/v2\/posts"}],"about":[{"href":"https:\/\/cleen.com\/blog\/wp-json\/wp\/v2\/types\/post"}],"author":[{"embeddable":true,"href":"https:\/\/cleen.com\/blog\/wp-json\/wp\/v2\/users\/6"}],"replies":[{"embeddable":true,"href":"https:\/\/cleen.com\/blog\/wp-json\/wp\/v2\/comments?post=1350"}],"version-history":[{"count":23,"href":"https:\/\/cleen.com\/blog\/wp-json\/wp\/v2\/posts\/1350\/revisions"}],"predecessor-version":[{"id":1482,"href":"https:\/\/cleen.com\/blog\/wp-json\/wp\/v2\/posts\/1350\/revisions\/1482"}],"wp:featuredmedia":[{"embeddable":true,"href":"https:\/\/cleen.com\/blog\/wp-json\/wp\/v2\/media\/1376"}],"wp:attachment":[{"href":"https:\/\/cleen.com\/blog\/wp-json\/wp\/v2\/media?parent=1350"}],"wp:term":[{"taxonomy":"category","embeddable":true,"href":"https:\/\/cleen.com\/blog\/wp-json\/wp\/v2\/categories?post=1350"},{"taxonomy":"post_tag","embeddable":true,"href":"https:\/\/cleen.com\/blog\/wp-json\/wp\/v2\/tags?post=1350"}],"curies":[{"name":"wp","href":"https:\/\/api.w.org\/{rel}","templated":true}]}}