{"id":1292,"date":"2023-10-17T18:24:27","date_gmt":"2023-10-17T16:24:27","guid":{"rendered":"https:\/\/cleen.com\/blog\/?p=1292"},"modified":"2023-10-31T09:44:29","modified_gmt":"2023-10-31T08:44:29","slug":"avenir-incertain-comment-surmonter-la-peur-du-futur","status":"publish","type":"post","link":"https:\/\/cleen.com\/blog\/avenir-incertain-comment-surmonter-la-peur-du-futur\/","title":{"rendered":"Avenir incertain : comment surmonter la peur du futur ?"},"content":{"rendered":"\t\t<div data-elementor-type=\"wp-post\" data-elementor-id=\"1292\" class=\"elementor elementor-1292\">\n\t\t\t\t\t\t<div class=\"elementor-inner\">\n\t\t\t\t<div class=\"elementor-section-wrap\">\n\t\t\t\t\t\t\t\t\t<section class=\"elementor-section elementor-top-section elementor-element elementor-element-02b2c92 elementor-section-boxed elementor-section-height-default elementor-section-height-default\" data-id=\"02b2c92\" data-element_type=\"section\">\n\t\t\t\t\t\t<div class=\"elementor-container elementor-column-gap-default\">\n\t\t\t\t\t\t\t<div class=\"elementor-row\">\n\t\t\t\t\t<div class=\"elementor-column elementor-col-100 elementor-top-column elementor-element elementor-element-c8a37c9\" data-id=\"c8a37c9\" data-element_type=\"column\">\n\t\t\t<div class=\"elementor-column-wrap elementor-element-populated\">\n\t\t\t\t\t\t\t<div class=\"elementor-widget-wrap\">\n\t\t\t\t\t\t<div class=\"elementor-element elementor-element-58cb772 elementor-widget__width-initial elementor-widget elementor-widget-text-editor\" data-id=\"58cb772\" data-element_type=\"widget\" data-widget_type=\"text-editor.default\">\n\t\t\t\t<div class=\"elementor-widget-container\">\n\t\t\t\t\t\t\t\t<div class=\"elementor-text-editor elementor-clearfix\">\n\t\t\t\t<p><!-- wp:html --><\/p>\n<p><!-- \/wp:html --><\/p>\n<p>Certains vivent dans le pass\u00e9, d\u2019autres craignent le futur. Mais pour arriver \u00e0 vivre sereinement dans le pr\u00e9sent, il est important d\u2019apprendre \u00e0 surmonter ses peurs et de reprendre confiance.&nbsp;Les peurs, g\u00e9n\u00e8rent des angoisses, qu&rsquo;elles soient conscientes, inconscientes, justifi\u00e9es ou non.<\/p>\n<p>P<a href=\"https:\/\/cleen.com\/pages\/avenir_incertain\" target=\"_blank\">ourquoi ai-je peur de l\u2019avenir<\/a>&nbsp;? D\u2019o\u00f9 viennent mes inqui\u00e9tudes et incertitudes ? Comment puis-je les surmonter ? Tant de questions auxquelles il peut \u00eatre difficile de r\u00e9pondre. Nous nous sommes efforc\u00e9s de vous apporter des \u00e9l\u00e9ments de r\u00e9ponse dans cet article pour vous aider \u00e0 comprendre ce que signifie \u00ab la lib\u00e9ration de vos \u00e9motions n\u00e9gatives \u00bb et comment vivre plus sereinement le pr\u00e9sent.<\/p>\n<p><!-- \/wp:image --><\/p>\n<p><!-- wp:paragraph --><\/p>\n<p><!-- \/wp:paragraph --><\/p>\n<p><!-- wp:paragraph --><!-- \/wp:paragraph --><\/p>\n<p><!-- wp:html --><\/p>\n<h2 style=\"line-height: 1.2; margin-top: 0pt; margin-bottom: 0pt;\"><span style=\"color: #3fa9a9; font-family: Calibri, sans-serif;\"><span style=\"font-size: 24px; white-space-collapse: preserve;\">Qu\u2019est-ce que l\u2019anxi\u00e9t\u00e9 d&rsquo;anticipation ?<\/span><\/span><\/h2>\n<p>L\u2019anxi\u00e9t\u00e9 d\u2019anticipation est la peur de l\u2019avenir. Ou plus simplement, avoir peur que quelque chose se passe mal. Il devient alors tr\u00e8s difficile de prendre une d\u00e9cision pour avancer. Cette inqui\u00e9tude vous emp\u00eache d\u2019accomplir ce que vous souhaitez faire et vous bloque dans votre \u00e9volution.&nbsp;<\/p>\n<p><img loading=\"lazy\" decoding=\"async\" class=\"alignleft wp-image-1295 size-medium\" src=\"https:\/\/cleen.com\/blog\/wp-content\/uploads\/2023\/10\/image005-212x300.png\" alt=\"Avenir incertain et peur du future\" width=\"212\" height=\"300\" srcset=\"https:\/\/cleen.com\/blog\/wp-content\/uploads\/2023\/10\/image005-212x300.png 212w, https:\/\/cleen.com\/blog\/wp-content\/uploads\/2023\/10\/image005-425x600.png 425w, https:\/\/cleen.com\/blog\/wp-content\/uploads\/2023\/10\/image005-17x24.png 17w, https:\/\/cleen.com\/blog\/wp-content\/uploads\/2023\/10\/image005-25x36.png 25w, https:\/\/cleen.com\/blog\/wp-content\/uploads\/2023\/10\/image005-80x113.png 80w, https:\/\/cleen.com\/blog\/wp-content\/uploads\/2023\/10\/image005.png 453w\" sizes=\"(max-width: 212px) 100vw, 212px\" \/><\/p>\n<p>La peur de l\u2019avenir va attirer toute votre attention et toute votre \u00e9nergie vers ce qui est n\u00e9gatif, plut\u00f4t que vers une action ou une pens\u00e9e positive. Ainsi, pour ne pas vous retrouver dans une situation de stress, vous allez adopter une strat\u00e9gie d&rsquo;adaptation pathologique : l&rsquo;\u00e9vitement.<\/p>\n<p>Cette r\u00e9action de fuite va vous soulager temporairement en vous faisant miroiter une r\u00e9solution du probl\u00e8me pour \u00e9viter vos angoisses, mais ce n\u2019est pas une solution \u00e0 long terme.<\/p>\n<h2 style=\"line-height: 1.2; margin-top: 0pt; margin-bottom: 0pt;\"><span style=\"color: #3fa9a9; font-family: Calibri, sans-serif;\"><span style=\"font-size: 24px; white-space-collapse: preserve;\">D\u2019o\u00f9 peut venir notre peur du futur ?<\/span><\/span><\/h2>\n<p>On peut avoir peur de quelque chose et m\u00eame \u00ab Avoir peur d\u2019avoir peur \u00bb. Si on pousse le vice encore plus loin, avoir peur d&rsquo;avoir peur d&rsquo;avoir peur. En bref, \u00eatre dans une spirale infernale. Toutes nos actions et prises de d\u00e9cisions sont alors guid\u00e9es par ce processus d\u2019auto- pr\u00e9servation que l\u2019on appelle la fuite ou l\u2019\u00e9vitement. Vous pourrez passer \u00e0 c\u00f4t\u00e9 de beaucoup de choses et vous emp\u00eacher de faire ce que vous auriez envie de faire. Une sorte d\u2019auto-sabotage !<\/p>\n<p>Quelles sont les v\u00e9ritables raisons rationnelles ou irrationnelles derri\u00e8re la peur de ce qui pourrait arriver ? Certains psychologues avancent que cette peur de l\u2019avenir n\u2019est autre que la peur de la mort. En effet, \u00ab nous redoutons ce qui pourrait nous arriver si\u2026 \u00bb. Cette angoisse existentielle est pr\u00e9sente en chacun de nous de mani\u00e8re plus ou moins importante en fonction de notre \u00e9ducation, notre culture, notre exp\u00e9rience\u2026<\/p>\n<p><img loading=\"lazy\" decoding=\"async\" class=\"aligncenter wp-image-1293 size-full\" src=\"https:\/\/cleen.com\/blog\/wp-content\/uploads\/2023\/10\/time-3306753_640-Gestion-de-temps.jpg\" alt=\"peur de l\u2019avenir\" width=\"640\" height=\"226\" srcset=\"https:\/\/cleen.com\/blog\/wp-content\/uploads\/2023\/10\/time-3306753_640-Gestion-de-temps.jpg 640w, https:\/\/cleen.com\/blog\/wp-content\/uploads\/2023\/10\/time-3306753_640-Gestion-de-temps-300x106.jpg 300w, https:\/\/cleen.com\/blog\/wp-content\/uploads\/2023\/10\/time-3306753_640-Gestion-de-temps-24x8.jpg 24w, https:\/\/cleen.com\/blog\/wp-content\/uploads\/2023\/10\/time-3306753_640-Gestion-de-temps-36x13.jpg 36w, https:\/\/cleen.com\/blog\/wp-content\/uploads\/2023\/10\/time-3306753_640-Gestion-de-temps-315x111.jpg 315w\" sizes=\"(max-width: 640px) 100vw, 640px\" \/><\/p>\n<p>Mais plus concr\u00e8tement, de quoi d\u2019autres pourrions-nous avoir peur \u00e0 l\u2019avenir ? Et d\u2019o\u00f9 vient cette angoisse ? Certains fustigeront la soci\u00e9t\u00e9 actuelle, qui serait de plus en plus anxiog\u00e8ne, d\u2019autres d\u00e9nonceront les instabilit\u00e9s qui p\u00e8sent sur le monde (guerres, d\u00e9r\u00e8glements climatiques, famines, instabilit\u00e9s politiques\u2026). Les probl\u00e8mes mondiaux et les catastrophes naturelles ont bon dos ! Quand vous vous dites \u00ab j\u2019ai peur de ce qui pourrait arriver si\u2026 \u00bb, \u00e0 votre avis que redoutez-vous vraiment ? Serait-ce l\u2019inconnu ? En effet, penser que votre avenir est incertain, vous am\u00e8ne \u00e0 \u00eatre confront\u00e9 au futur\u2026cet inconnu !<\/p>\n<p><span style=\"color: #3fa9a9; font-family: Calibri, sans-serif;\"><span style=\"font-size: 24px; letter-spacing: -0.4px; white-space-collapse: preserve;\"><b>Quelles cons\u00e9quences sur notre sant\u00e9 ?<\/b><\/span><\/span><\/p>\n<p>Les cons\u00e9quences de l\u2019angoisse d\u2019un futur incertain peuvent \u00eatre d\u2019ordre psychiques, physiques et \u00e9motionnels. Les phobies, l\u2019agoraphobie, la perte d\u2019estime de soi, les crises de panique, les peurs obsessionnelles, les pens\u00e9es intrusives ind\u00e9sirables sont autant de souffrances caus\u00e9es par cette peur de l\u2019avenir.<\/p>\n<p>Mais l&rsquo;appr\u00e9hension que nous ressentons face \u00e0 notre avenir, ce doute r\u00e9gulier ou cette anxi\u00e9t\u00e9 constante peut aussi rapidement cr\u00e9er des probl\u00e8mes physiques et \u00eatre la cause des sympt\u00f4mes ind\u00e9sirables voire dangereux : tensions musculaires, maux de t\u00eate ou de ventre, dos ou cervicales bloqu\u00e9s, fatigue psychologique, perte d&rsquo;app\u00e9tit ou de sommeil\u2026 Vous pouvez ainsi vous retrouver dans une spirale infernale sans comprendre les raisons de ces bouleversements ni savoir comment en sortir.<\/p>\n<p>Si nous constatons que nous n\u2019avons aucun contr\u00f4le sur l\u2019inconnu et aucune prise sur notre avenir, en revanche nous pouvons d\u00e9cider et agir pour am\u00e9liorer notre futur. L\u2019inconnu ne doit pas \u00eatre v\u00e9cu comme 100% n\u00e9gatif. Il permet aussi d\u2019ouvrir le champ du possible pour \u00e9voluer dans la vie et acc\u00e9der au bien-\u00eatre.<\/p>\n<p><img loading=\"lazy\" decoding=\"async\" class=\"aligncenter wp-image-1297 size-full\" src=\"https:\/\/cleen.com\/blog\/wp-content\/uploads\/2023\/10\/image002.jpg\" alt=\"Coaching peur du futur\" width=\"640\" height=\"400\" srcset=\"https:\/\/cleen.com\/blog\/wp-content\/uploads\/2023\/10\/image002.jpg 640w, https:\/\/cleen.com\/blog\/wp-content\/uploads\/2023\/10\/image002-300x188.jpg 300w, https:\/\/cleen.com\/blog\/wp-content\/uploads\/2023\/10\/image002-24x15.jpg 24w, https:\/\/cleen.com\/blog\/wp-content\/uploads\/2023\/10\/image002-36x23.jpg 36w, https:\/\/cleen.com\/blog\/wp-content\/uploads\/2023\/10\/image002-181x113.jpg 181w\" sizes=\"(max-width: 640px) 100vw, 640px\" \/><\/p>\n<p><span style=\"color: #3fa9a9; font-family: Calibri, sans-serif;\"><span style=\"font-size: 24px; letter-spacing: -0.4px; white-space-collapse: preserve;\"><b>Comment se lib\u00e9rer de la crainte d\u2019un avenir incertain et vivre plus sereinement ?<\/b><\/span><\/span><\/p>\n<p>Pour reprendre confiance et reprendre en main son avenir, il est n\u00e9cessaire d\u2019entreprendre un travail personnel pour d\u00e9passer ses blocages psychiques et \u00e9motionnels. Un coach en lib\u00e9ration \u00e9motionnelle peut vous accompagner pour vous aider \u00e0 trouver les cl\u00e9s et des leviers pour sortir de votre strat\u00e9gie d\u2019\u00e9vitement, reprendre confiance, prendre des d\u00e9cisions et arriver enfin \u00e0 \u00eatre proactif pour \u00eatre acteur de sa qualit\u00e9 de vie personnelle et professionnelle.<\/p>\n<p>La m\u00e9thode CLEEN r\u00e9pond \u00e0 votre besoin de vous lib\u00e9rer efficacement de vos blocages en identifiant rapidement et pr\u00e9cis\u00e9ment l\u2019empreinte \u00e9motionnelle n\u00e9gative qui g\u00e9n\u00e8re votre mal-\u00eatre et vos freins gr\u00e2ce \u00e0 une technique de lev\u00e9e de blocages innovantes issue des neurosciences qui permet d\u2019utiliser efficacement son intelligence \u00e9motionnelle.<\/p>\n<p><img loading=\"lazy\" decoding=\"async\" class=\"aligncenter wp-image-1296 size-full\" src=\"https:\/\/cleen.com\/blog\/wp-content\/uploads\/2023\/10\/image004.png\" alt=\"coaching en lib\u00e9ration \u00e9motionnelle\" width=\"539\" height=\"332\" srcset=\"https:\/\/cleen.com\/blog\/wp-content\/uploads\/2023\/10\/image004.png 539w, https:\/\/cleen.com\/blog\/wp-content\/uploads\/2023\/10\/image004-300x185.png 300w, https:\/\/cleen.com\/blog\/wp-content\/uploads\/2023\/10\/image004-24x15.png 24w, https:\/\/cleen.com\/blog\/wp-content\/uploads\/2023\/10\/image004-36x22.png 36w, https:\/\/cleen.com\/blog\/wp-content\/uploads\/2023\/10\/image004-183x113.png 183w\" sizes=\"(max-width: 539px) 100vw, 539px\" \/><\/p>\n<p>Votre coach Cleen va vous aider \u00e0 entamer un travail personnel vers une prise de conscience dans un premier temps, puis, dans un deuxi\u00e8me temps, \u00e0 r\u00e9pondre aux questions que vous vous posez. Et enfin r\u00e9soudre votre probl\u00e9matique en 2 \u00e0 4 s\u00e9ances en fonction de vos besoins et de votre situation.<\/p>\n<p>Pourquoi ai-je peur de l\u2019avenir ? D\u2019o\u00f9 viennent mes inqui\u00e9tudes et incertitudes ? Comment faire concr\u00e8tement pour les surmonter ? La mission de nos coachs est de vous accompagner pour trouver des solutions afin d\u2019am\u00e9liorer votre vie.<\/p>\n<p><strong>Vous recherchez un coach Bien-\u00eatre pour vous accompagner efficacement et avoir des r\u00e9sultats concrets ?<\/strong><\/p>\n<p><!-- \/wp:html --><\/p>\n<p><\/p><center><a style=\"font-size: 13px; color: #fff; font-family: HKGrotesk-Bold; background: #f4c93f; border: 2px solid #f4c93f; height: 100px; line-height: 48px; border-radius: 60px; padding: 15px 21px; width: 100%;\" href=\"https:\/\/cleen.com\/pages\/seances\"> Prendre un rendez-vous maintenant<\/a><\/center><center><\/center><center><p><\/p>\n<p><!-- \/wp:paragraph --><\/p>\n<p><!-- wp:image {\"id\":688} --><\/p>\n<p><!-- \/wp:image --><\/p>\n<p><!-- wp:html \/--><\/p>\n<p><!-- wp:html --><\/p>\n<div>\n<p>Article co-\u00e9crit par Salma Harignordoquy et Elsa Larue de Tournemine, 17\/10\/2023<\/p>\n<\/div>\n<div style=\"text-align: left;\"><a href=\"https:\/\/www.instagram.com\/coachtocleen\"><img decoding=\"async\" style=\"margin-right: 6px;\" src=\"https:\/\/cleen.com\/blog\/wp-content\/uploads\/2020\/03\/instagram-sketched.png\" width=\"20\"><\/a> <a href=\"https:\/\/www.facebook.com\/admincleen\/\"><img decoding=\"async\" style=\"margin-right: 6px;\" src=\"https:\/\/upload.wikimedia.org\/wikipedia\/commons\/thumb\/f\/ff\/Facebook_logo_36x36.svg\/36px-Facebook_logo_36x36.svg.png\" width=\"20\"><\/a> <a href=\"https:\/\/www.linkedin.com\/company\/coach-to-cleen\/about\/?viewAsMember=true\"><img decoding=\"async\" style=\"margin-right: 6px;\" src=\"https:\/\/cleen.com\/blog\/wp-content\/uploads\/2020\/03\/linkedin.png\" width=\"20\"><\/a> <a href=\"https:\/\/www.pinterest.com\/coachtocleen\"><img decoding=\"async\" src=\"https:\/\/cleen.com\/blog\/wp-content\/uploads\/2020\/03\/pinterest.png\" width=\"20\"><\/a><\/div>\n<p><\/p>\n<p><\/p><\/center><center><\/center><center><\/center><center><\/center><p><\/p>\n<p><\/p>\t\t\t\t\t<\/div>\n\t\t\t\t\t\t<\/div>\n\t\t\t\t<\/div>\n\t\t\t\t\t\t<\/div>\n\t\t\t\t\t<\/div>\n\t\t<\/div>\n\t\t\t\t\t\t\t\t<\/div>\n\t\t\t\t\t<\/div>\n\t\t<\/section>\n\t\t\t\t\t\t\t\t\t<\/div>\n\t\t\t<\/div>\n\t\t\t\t\t<\/div>\n\t\t","protected":false},"excerpt":{"rendered":"<p>Pourquoi ai-je peur de l\u2019avenir ? D\u2019o\u00f9 viennent mes inqui\u00e9tudes et incertitudes ? Comment puis-je les surmonter ? Tant de questions auxquelles il peut \u00eatre difficile de r\u00e9pondre. Nous nous sommes efforc\u00e9s de vous apporter des \u00e9l\u00e9ments de r\u00e9ponse dans cet article pour vous aider \u00e0 comprendre ce que signifie \u00ab la lib\u00e9ration de vos \u00e9motions n\u00e9gatives \u00bb et comment vivre plus sereinement le pr\u00e9sent.<\/p>\n","protected":false},"author":6,"featured_media":1294,"comment_status":"closed","ping_status":"open","sticky":false,"template":"","format":"standard","meta":{"_monsterinsights_skip_tracking":false,"_monsterinsights_sitenote_active":false,"_monsterinsights_sitenote_note":"","_monsterinsights_sitenote_category":0,"footnotes":""},"categories":[5,3,13],"tags":[],"yoast_head":"<!-- This site is optimized with the Yoast SEO plugin v22.1 - https:\/\/yoast.com\/wordpress\/plugins\/seo\/ -->\n<title>Avenir incertain : comment surmonter la peur du futur ?<\/title>\n<meta name=\"description\" content=\"Vivre sereinement dans le pr\u00e9sent, surmonter ses peurs et reprendre confiance en l&#039;avenir. Nos conseils coaching en lib\u00e9ration \u00e9motionnelle.\" \/>\n<meta name=\"robots\" content=\"index, follow, max-snippet:-1, max-image-preview:large, max-video-preview:-1\" \/>\n<link rel=\"canonical\" href=\"https:\/\/cleen.com\/blog\/avenir-incertain-comment-surmonter-la-peur-du-futur\/\" \/>\n<meta property=\"og:locale\" content=\"fr_FR\" \/>\n<meta property=\"og:type\" content=\"article\" \/>\n<meta property=\"og:title\" content=\"Avenir incertain : comment surmonter la peur du futur ?\" \/>\n<meta property=\"og:description\" content=\"Vivre sereinement dans le pr\u00e9sent, surmonter ses peurs et reprendre confiance en l&#039;avenir. Nos conseils coaching en lib\u00e9ration \u00e9motionnelle.\" \/>\n<meta property=\"og:url\" content=\"https:\/\/cleen.com\/blog\/avenir-incertain-comment-surmonter-la-peur-du-futur\/\" \/>\n<meta property=\"og:site_name\" content=\"Toutes les actualit\u00e9s de Coach to CLEEN\" \/>\n<meta property=\"article:publisher\" content=\"https:\/\/www.facebook.com\/admincleen\/\" \/>\n<meta property=\"article:published_time\" content=\"2023-10-17T16:24:27+00:00\" \/>\n<meta property=\"article:modified_time\" content=\"2023-10-31T08:44:29+00:00\" \/>\n<meta property=\"og:image\" content=\"https:\/\/cleen.com\/blog\/wp-content\/uploads\/2023\/10\/image006.jpg\" \/>\n\t<meta property=\"og:image:width\" content=\"640\" \/>\n\t<meta property=\"og:image:height\" content=\"439\" \/>\n\t<meta property=\"og:image:type\" content=\"image\/jpeg\" \/>\n<meta name=\"author\" content=\"Elsa\" \/>\n<meta name=\"twitter:card\" content=\"summary_large_image\" \/>\n<meta name=\"twitter:label1\" content=\"\u00c9crit par\" \/>\n\t<meta name=\"twitter:data1\" content=\"Elsa\" \/>\n\t<meta name=\"twitter:label2\" content=\"Dur\u00e9e de lecture estim\u00e9e\" \/>\n\t<meta name=\"twitter:data2\" content=\"7 minutes\" \/>\n<script type=\"application\/ld+json\" class=\"yoast-schema-graph\">{\"@context\":\"https:\/\/schema.org\",\"@graph\":[{\"@type\":\"Article\",\"@id\":\"https:\/\/cleen.com\/blog\/avenir-incertain-comment-surmonter-la-peur-du-futur\/#article\",\"isPartOf\":{\"@id\":\"https:\/\/cleen.com\/blog\/avenir-incertain-comment-surmonter-la-peur-du-futur\/\"},\"author\":{\"name\":\"Elsa\",\"@id\":\"https:\/\/cleen.com\/blog\/#\/schema\/person\/b6f116bbf3fe7ac924cb4a22b81940fa\"},\"headline\":\"Avenir incertain : comment surmonter la peur du futur ?\",\"datePublished\":\"2023-10-17T16:24:27+00:00\",\"dateModified\":\"2023-10-31T08:44:29+00:00\",\"mainEntityOfPage\":{\"@id\":\"https:\/\/cleen.com\/blog\/avenir-incertain-comment-surmonter-la-peur-du-futur\/\"},\"wordCount\":1021,\"publisher\":{\"@id\":\"https:\/\/cleen.com\/blog\/#organization\"},\"articleSection\":[\"Blocage et stress\",\"CLEEN et Neurosciences\",\"Peur et angoisse\"],\"inLanguage\":\"fr-FR\"},{\"@type\":\"WebPage\",\"@id\":\"https:\/\/cleen.com\/blog\/avenir-incertain-comment-surmonter-la-peur-du-futur\/\",\"url\":\"https:\/\/cleen.com\/blog\/avenir-incertain-comment-surmonter-la-peur-du-futur\/\",\"name\":\"Avenir incertain : comment surmonter la peur du futur ?\",\"isPartOf\":{\"@id\":\"https:\/\/cleen.com\/blog\/#website\"},\"datePublished\":\"2023-10-17T16:24:27+00:00\",\"dateModified\":\"2023-10-31T08:44:29+00:00\",\"description\":\"Vivre sereinement dans le pr\u00e9sent, surmonter ses peurs et reprendre confiance en l'avenir. Nos conseils coaching en lib\u00e9ration \u00e9motionnelle.\",\"breadcrumb\":{\"@id\":\"https:\/\/cleen.com\/blog\/avenir-incertain-comment-surmonter-la-peur-du-futur\/#breadcrumb\"},\"inLanguage\":\"fr-FR\",\"potentialAction\":[{\"@type\":\"ReadAction\",\"target\":[\"https:\/\/cleen.com\/blog\/avenir-incertain-comment-surmonter-la-peur-du-futur\/\"]}]},{\"@type\":\"BreadcrumbList\",\"@id\":\"https:\/\/cleen.com\/blog\/avenir-incertain-comment-surmonter-la-peur-du-futur\/#breadcrumb\",\"itemListElement\":[{\"@type\":\"ListItem\",\"position\":1,\"name\":\"Accueil\",\"item\":\"https:\/\/cleen.com\/blog\/\"},{\"@type\":\"ListItem\",\"position\":2,\"name\":\"Avenir incertain : comment surmonter la peur du futur ?\"}]},{\"@type\":\"WebSite\",\"@id\":\"https:\/\/cleen.com\/blog\/#website\",\"url\":\"https:\/\/cleen.com\/blog\/\",\"name\":\"Toutes les actualit\u00e9s de Coach to CLEEN\",\"description\":\"\",\"publisher\":{\"@id\":\"https:\/\/cleen.com\/blog\/#organization\"},\"potentialAction\":[{\"@type\":\"SearchAction\",\"target\":{\"@type\":\"EntryPoint\",\"urlTemplate\":\"https:\/\/cleen.com\/blog\/?s={search_term_string}\"},\"query-input\":\"required name=search_term_string\"}],\"inLanguage\":\"fr-FR\"},{\"@type\":\"Organization\",\"@id\":\"https:\/\/cleen.com\/blog\/#organization\",\"name\":\"Toutes les actualit\u00e9s de Coach to CLEEN\",\"url\":\"https:\/\/cleen.com\/blog\/\",\"logo\":{\"@type\":\"ImageObject\",\"inLanguage\":\"fr-FR\",\"@id\":\"https:\/\/cleen.com\/blog\/#\/schema\/logo\/image\/\",\"url\":\"https:\/\/cleen.com\/blog\/wp-content\/uploads\/2020\/03\/cropped-logo-2-1.png\",\"contentUrl\":\"https:\/\/cleen.com\/blog\/wp-content\/uploads\/2020\/03\/cropped-logo-2-1.png\",\"width\":400,\"height\":136,\"caption\":\"Toutes les actualit\u00e9s de Coach to CLEEN\"},\"image\":{\"@id\":\"https:\/\/cleen.com\/blog\/#\/schema\/logo\/image\/\"},\"sameAs\":[\"https:\/\/www.facebook.com\/admincleen\/\"]},{\"@type\":\"Person\",\"@id\":\"https:\/\/cleen.com\/blog\/#\/schema\/person\/b6f116bbf3fe7ac924cb4a22b81940fa\",\"name\":\"Elsa\",\"url\":\"https:\/\/cleen.com\/blog\/author\/elsa\/\"}]}<\/script>\n<!-- \/ Yoast SEO plugin. -->","yoast_head_json":{"title":"Avenir incertain : comment surmonter la peur du futur ?","description":"Vivre sereinement dans le pr\u00e9sent, surmonter ses peurs et reprendre confiance en l'avenir. Nos conseils coaching en lib\u00e9ration \u00e9motionnelle.","robots":{"index":"index","follow":"follow","max-snippet":"max-snippet:-1","max-image-preview":"max-image-preview:large","max-video-preview":"max-video-preview:-1"},"canonical":"https:\/\/cleen.com\/blog\/avenir-incertain-comment-surmonter-la-peur-du-futur\/","og_locale":"fr_FR","og_type":"article","og_title":"Avenir incertain : comment surmonter la peur du futur ?","og_description":"Vivre sereinement dans le pr\u00e9sent, surmonter ses peurs et reprendre confiance en l'avenir. Nos conseils coaching en lib\u00e9ration \u00e9motionnelle.","og_url":"https:\/\/cleen.com\/blog\/avenir-incertain-comment-surmonter-la-peur-du-futur\/","og_site_name":"Toutes les actualit\u00e9s de Coach to CLEEN","article_publisher":"https:\/\/www.facebook.com\/admincleen\/","article_published_time":"2023-10-17T16:24:27+00:00","article_modified_time":"2023-10-31T08:44:29+00:00","og_image":[{"width":640,"height":439,"url":"https:\/\/cleen.com\/blog\/wp-content\/uploads\/2023\/10\/image006.jpg","type":"image\/jpeg"}],"author":"Elsa","twitter_card":"summary_large_image","twitter_misc":{"\u00c9crit par":"Elsa","Dur\u00e9e de lecture estim\u00e9e":"7 minutes"},"schema":{"@context":"https:\/\/schema.org","@graph":[{"@type":"Article","@id":"https:\/\/cleen.com\/blog\/avenir-incertain-comment-surmonter-la-peur-du-futur\/#article","isPartOf":{"@id":"https:\/\/cleen.com\/blog\/avenir-incertain-comment-surmonter-la-peur-du-futur\/"},"author":{"name":"Elsa","@id":"https:\/\/cleen.com\/blog\/#\/schema\/person\/b6f116bbf3fe7ac924cb4a22b81940fa"},"headline":"Avenir incertain : comment surmonter la peur du futur ?","datePublished":"2023-10-17T16:24:27+00:00","dateModified":"2023-10-31T08:44:29+00:00","mainEntityOfPage":{"@id":"https:\/\/cleen.com\/blog\/avenir-incertain-comment-surmonter-la-peur-du-futur\/"},"wordCount":1021,"publisher":{"@id":"https:\/\/cleen.com\/blog\/#organization"},"articleSection":["Blocage et stress","CLEEN et Neurosciences","Peur et angoisse"],"inLanguage":"fr-FR"},{"@type":"WebPage","@id":"https:\/\/cleen.com\/blog\/avenir-incertain-comment-surmonter-la-peur-du-futur\/","url":"https:\/\/cleen.com\/blog\/avenir-incertain-comment-surmonter-la-peur-du-futur\/","name":"Avenir incertain : comment surmonter la peur du futur ?","isPartOf":{"@id":"https:\/\/cleen.com\/blog\/#website"},"datePublished":"2023-10-17T16:24:27+00:00","dateModified":"2023-10-31T08:44:29+00:00","description":"Vivre sereinement dans le pr\u00e9sent, surmonter ses peurs et reprendre confiance en l'avenir. Nos conseils coaching en lib\u00e9ration \u00e9motionnelle.","breadcrumb":{"@id":"https:\/\/cleen.com\/blog\/avenir-incertain-comment-surmonter-la-peur-du-futur\/#breadcrumb"},"inLanguage":"fr-FR","potentialAction":[{"@type":"ReadAction","target":["https:\/\/cleen.com\/blog\/avenir-incertain-comment-surmonter-la-peur-du-futur\/"]}]},{"@type":"BreadcrumbList","@id":"https:\/\/cleen.com\/blog\/avenir-incertain-comment-surmonter-la-peur-du-futur\/#breadcrumb","itemListElement":[{"@type":"ListItem","position":1,"name":"Accueil","item":"https:\/\/cleen.com\/blog\/"},{"@type":"ListItem","position":2,"name":"Avenir incertain : comment surmonter la peur du futur ?"}]},{"@type":"WebSite","@id":"https:\/\/cleen.com\/blog\/#website","url":"https:\/\/cleen.com\/blog\/","name":"Toutes les actualit\u00e9s de Coach to CLEEN","description":"","publisher":{"@id":"https:\/\/cleen.com\/blog\/#organization"},"potentialAction":[{"@type":"SearchAction","target":{"@type":"EntryPoint","urlTemplate":"https:\/\/cleen.com\/blog\/?s={search_term_string}"},"query-input":"required name=search_term_string"}],"inLanguage":"fr-FR"},{"@type":"Organization","@id":"https:\/\/cleen.com\/blog\/#organization","name":"Toutes les actualit\u00e9s de Coach to CLEEN","url":"https:\/\/cleen.com\/blog\/","logo":{"@type":"ImageObject","inLanguage":"fr-FR","@id":"https:\/\/cleen.com\/blog\/#\/schema\/logo\/image\/","url":"https:\/\/cleen.com\/blog\/wp-content\/uploads\/2020\/03\/cropped-logo-2-1.png","contentUrl":"https:\/\/cleen.com\/blog\/wp-content\/uploads\/2020\/03\/cropped-logo-2-1.png","width":400,"height":136,"caption":"Toutes les actualit\u00e9s de Coach to CLEEN"},"image":{"@id":"https:\/\/cleen.com\/blog\/#\/schema\/logo\/image\/"},"sameAs":["https:\/\/www.facebook.com\/admincleen\/"]},{"@type":"Person","@id":"https:\/\/cleen.com\/blog\/#\/schema\/person\/b6f116bbf3fe7ac924cb4a22b81940fa","name":"Elsa","url":"https:\/\/cleen.com\/blog\/author\/elsa\/"}]}},"_links":{"self":[{"href":"https:\/\/cleen.com\/blog\/wp-json\/wp\/v2\/posts\/1292"}],"collection":[{"href":"https:\/\/cleen.com\/blog\/wp-json\/wp\/v2\/posts"}],"about":[{"href":"https:\/\/cleen.com\/blog\/wp-json\/wp\/v2\/types\/post"}],"author":[{"embeddable":true,"href":"https:\/\/cleen.com\/blog\/wp-json\/wp\/v2\/users\/6"}],"replies":[{"embeddable":true,"href":"https:\/\/cleen.com\/blog\/wp-json\/wp\/v2\/comments?post=1292"}],"version-history":[{"count":14,"href":"https:\/\/cleen.com\/blog\/wp-json\/wp\/v2\/posts\/1292\/revisions"}],"predecessor-version":[{"id":1370,"href":"https:\/\/cleen.com\/blog\/wp-json\/wp\/v2\/posts\/1292\/revisions\/1370"}],"wp:featuredmedia":[{"embeddable":true,"href":"https:\/\/cleen.com\/blog\/wp-json\/wp\/v2\/media\/1294"}],"wp:attachment":[{"href":"https:\/\/cleen.com\/blog\/wp-json\/wp\/v2\/media?parent=1292"}],"wp:term":[{"taxonomy":"category","embeddable":true,"href":"https:\/\/cleen.com\/blog\/wp-json\/wp\/v2\/categories?post=1292"},{"taxonomy":"post_tag","embeddable":true,"href":"https:\/\/cleen.com\/blog\/wp-json\/wp\/v2\/tags?post=1292"}],"curies":[{"name":"wp","href":"https:\/\/api.w.org\/{rel}","templated":true}]}}